{"id":4373,"date":"2024-02-09T15:24:53","date_gmt":"2024-02-09T15:24:53","guid":{"rendered":"https:\/\/www.joaquinlois.com\/catedral-granada\/?p=4373"},"modified":"2025-01-19T11:45:45","modified_gmt":"2025-01-19T11:45:45","slug":"construccion-de-los-fuelles","status":"publish","type":"post","link":"https:\/\/www.joaquinlois.com\/catedral-granada\/construccion-de-los-fuelles\/","title":{"rendered":"Construcci\u00f3n de los fuelles"},"content":{"rendered":"\n<p>Se han construido seis fuelles de cu\u00f1a como se desprende de la documentaci\u00f3n existente <\/p>\n\n\n\n<p>Son de seis pliegos y de la hechura tradicional<\/p>\n\n\n\n<div data-carousel-extra='{&quot;blog_id&quot;:3,&quot;permalink&quot;:&quot;https:\/\/www.joaquinlois.com\/catedral-granada\/construccion-de-los-fuelles\/&quot;}' id='gallery-1' class='gallery galleryid-4373 gallery-columns-3 gallery-size-thumbnail'><figure class='gallery-item'>\n\t\t\t<div class='gallery-icon landscape'>\n\t\t\t\t<a href='https:\/\/www.joaquinlois.com\/catedral-granada\/construccion-de-los-fuelles\/dsc07433\/'><img loading=\"lazy\" decoding=\"async\" width=\"300\" height=\"300\" src=\"https:\/\/www.joaquinlois.com\/catedral-granada\/wp-content\/uploads\/sites\/3\/2024\/05\/DSC07433-300x300.jpg\" class=\"attachment-thumbnail size-thumbnail\" alt=\"\" srcset=\"https:\/\/www.joaquinlois.com\/catedral-granada\/wp-content\/uploads\/sites\/3\/2024\/05\/DSC07433-300x300.jpg 300w, https:\/\/www.joaquinlois.com\/catedral-granada\/wp-content\/uploads\/sites\/3\/2024\/05\/DSC07433-400x400.jpg 400w\" sizes=\"auto, (max-width: 300px) 100vw, 300px\" data-attachment-id=\"4388\" data-permalink=\"https:\/\/www.joaquinlois.com\/catedral-granada\/construccion-de-los-fuelles\/dsc07433\/\" data-orig-file=\"https:\/\/www.joaquinlois.com\/catedral-granada\/wp-content\/uploads\/sites\/3\/2024\/05\/DSC07433.jpg\" data-orig-size=\"1200,800\" data-comments-opened=\"0\" data-image-meta=\"{&quot;aperture&quot;:&quot;0&quot;,&quot;credit&quot;:&quot;&quot;,&quot;camera&quot;:&quot;&quot;,&quot;caption&quot;:&quot;&quot;,&quot;created_timestamp&quot;:&quot;0&quot;,&quot;copyright&quot;:&quot;&quot;,&quot;focal_length&quot;:&quot;0&quot;,&quot;iso&quot;:&quot;0&quot;,&quot;shutter_speed&quot;:&quot;0&quot;,&quot;title&quot;:&quot;&quot;,&quot;orientation&quot;:&quot;0&quot;,&quot;lens&quot;:&quot;&quot;}\" data-image-title=\"DSC07433\" data-image-description=\"\" data-image-caption=\"\" data-medium-file=\"https:\/\/www.joaquinlois.com\/catedral-granada\/wp-content\/uploads\/sites\/3\/2024\/05\/DSC07433-500x333.jpg\" data-large-file=\"https:\/\/www.joaquinlois.com\/catedral-granada\/wp-content\/uploads\/sites\/3\/2024\/05\/DSC07433-1024x683.jpg\" \/><\/a>\n\t\t\t<\/div><\/figure><figure class='gallery-item'>\n\t\t\t<div class='gallery-icon landscape'>\n\t\t\t\t<a href='https:\/\/www.joaquinlois.com\/catedral-granada\/construccion-de-los-fuelles\/dsc07447\/'><img loading=\"lazy\" decoding=\"async\" width=\"300\" height=\"300\" src=\"https:\/\/www.joaquinlois.com\/catedral-granada\/wp-content\/uploads\/sites\/3\/2024\/05\/DSC07447-300x300.jpg\" class=\"attachment-thumbnail size-thumbnail\" alt=\"\" srcset=\"https:\/\/www.joaquinlois.com\/catedral-granada\/wp-content\/uploads\/sites\/3\/2024\/05\/DSC07447-300x300.jpg 300w, https:\/\/www.joaquinlois.com\/catedral-granada\/wp-content\/uploads\/sites\/3\/2024\/05\/DSC07447-400x400.jpg 400w\" sizes=\"auto, (max-width: 300px) 100vw, 300px\" data-attachment-id=\"4389\" data-permalink=\"https:\/\/www.joaquinlois.com\/catedral-granada\/construccion-de-los-fuelles\/dsc07447\/\" data-orig-file=\"https:\/\/www.joaquinlois.com\/catedral-granada\/wp-content\/uploads\/sites\/3\/2024\/05\/DSC07447.jpg\" data-orig-size=\"1200,800\" data-comments-opened=\"0\" data-image-meta=\"{&quot;aperture&quot;:&quot;0&quot;,&quot;credit&quot;:&quot;&quot;,&quot;camera&quot;:&quot;&quot;,&quot;caption&quot;:&quot;&quot;,&quot;created_timestamp&quot;:&quot;0&quot;,&quot;copyright&quot;:&quot;&quot;,&quot;focal_length&quot;:&quot;0&quot;,&quot;iso&quot;:&quot;0&quot;,&quot;shutter_speed&quot;:&quot;0&quot;,&quot;title&quot;:&quot;&quot;,&quot;orientation&quot;:&quot;0&quot;,&quot;lens&quot;:&quot;&quot;}\" data-image-title=\"DSC07447\" data-image-description=\"\" data-image-caption=\"\" data-medium-file=\"https:\/\/www.joaquinlois.com\/catedral-granada\/wp-content\/uploads\/sites\/3\/2024\/05\/DSC07447-500x333.jpg\" data-large-file=\"https:\/\/www.joaquinlois.com\/catedral-granada\/wp-content\/uploads\/sites\/3\/2024\/05\/DSC07447-1024x683.jpg\" \/><\/a>\n\t\t\t<\/div><\/figure><figure class='gallery-item'>\n\t\t\t<div class='gallery-icon landscape'>\n\t\t\t\t<a href='https:\/\/www.joaquinlois.com\/catedral-granada\/construccion-de-los-fuelles\/dsc09537\/'><img loading=\"lazy\" decoding=\"async\" width=\"300\" height=\"300\" src=\"https:\/\/www.joaquinlois.com\/catedral-granada\/wp-content\/uploads\/sites\/3\/2024\/05\/DSC09537-300x300.jpg\" class=\"attachment-thumbnail size-thumbnail\" alt=\"\" srcset=\"https:\/\/www.joaquinlois.com\/catedral-granada\/wp-content\/uploads\/sites\/3\/2024\/05\/DSC09537-300x300.jpg 300w, https:\/\/www.joaquinlois.com\/catedral-granada\/wp-content\/uploads\/sites\/3\/2024\/05\/DSC09537-400x400.jpg 400w\" sizes=\"auto, (max-width: 300px) 100vw, 300px\" data-attachment-id=\"4398\" data-permalink=\"https:\/\/www.joaquinlois.com\/catedral-granada\/construccion-de-los-fuelles\/dsc09537\/\" data-orig-file=\"https:\/\/www.joaquinlois.com\/catedral-granada\/wp-content\/uploads\/sites\/3\/2024\/05\/DSC09537.jpg\" data-orig-size=\"1200,675\" data-comments-opened=\"0\" data-image-meta=\"{&quot;aperture&quot;:&quot;0&quot;,&quot;credit&quot;:&quot;&quot;,&quot;camera&quot;:&quot;&quot;,&quot;caption&quot;:&quot;&quot;,&quot;created_timestamp&quot;:&quot;0&quot;,&quot;copyright&quot;:&quot;&quot;,&quot;focal_length&quot;:&quot;0&quot;,&quot;iso&quot;:&quot;0&quot;,&quot;shutter_speed&quot;:&quot;0&quot;,&quot;title&quot;:&quot;&quot;,&quot;orientation&quot;:&quot;0&quot;,&quot;lens&quot;:&quot;&quot;}\" data-image-title=\"DSC09537\" data-image-description=\"\" data-image-caption=\"\" data-medium-file=\"https:\/\/www.joaquinlois.com\/catedral-granada\/wp-content\/uploads\/sites\/3\/2024\/05\/DSC09537-500x281.jpg\" data-large-file=\"https:\/\/www.joaquinlois.com\/catedral-granada\/wp-content\/uploads\/sites\/3\/2024\/05\/DSC09537-1024x576.jpg\" \/><\/a>\n\t\t\t<\/div><\/figure><figure class='gallery-item'>\n\t\t\t<div class='gallery-icon landscape'>\n\t\t\t\t<a href='https:\/\/www.joaquinlois.com\/catedral-granada\/construccion-de-los-fuelles\/dsc07564\/'><img loading=\"lazy\" decoding=\"async\" width=\"300\" height=\"300\" src=\"https:\/\/www.joaquinlois.com\/catedral-granada\/wp-content\/uploads\/sites\/3\/2024\/05\/DSC07564-300x300.jpg\" class=\"attachment-thumbnail size-thumbnail\" alt=\"\" srcset=\"https:\/\/www.joaquinlois.com\/catedral-granada\/wp-content\/uploads\/sites\/3\/2024\/05\/DSC07564-300x300.jpg 300w, https:\/\/www.joaquinlois.com\/catedral-granada\/wp-content\/uploads\/sites\/3\/2024\/05\/DSC07564-400x400.jpg 400w\" sizes=\"auto, (max-width: 300px) 100vw, 300px\" data-attachment-id=\"4392\" data-permalink=\"https:\/\/www.joaquinlois.com\/catedral-granada\/construccion-de-los-fuelles\/dsc07564\/\" data-orig-file=\"https:\/\/www.joaquinlois.com\/catedral-granada\/wp-content\/uploads\/sites\/3\/2024\/05\/DSC07564.jpg\" data-orig-size=\"1200,800\" data-comments-opened=\"0\" data-image-meta=\"{&quot;aperture&quot;:&quot;0&quot;,&quot;credit&quot;:&quot;&quot;,&quot;camera&quot;:&quot;&quot;,&quot;caption&quot;:&quot;&quot;,&quot;created_timestamp&quot;:&quot;0&quot;,&quot;copyright&quot;:&quot;&quot;,&quot;focal_length&quot;:&quot;0&quot;,&quot;iso&quot;:&quot;0&quot;,&quot;shutter_speed&quot;:&quot;0&quot;,&quot;title&quot;:&quot;&quot;,&quot;orientation&quot;:&quot;0&quot;,&quot;lens&quot;:&quot;&quot;}\" data-image-title=\"DSC07564\" data-image-description=\"\" data-image-caption=\"\" data-medium-file=\"https:\/\/www.joaquinlois.com\/catedral-granada\/wp-content\/uploads\/sites\/3\/2024\/05\/DSC07564-500x333.jpg\" data-large-file=\"https:\/\/www.joaquinlois.com\/catedral-granada\/wp-content\/uploads\/sites\/3\/2024\/05\/DSC07564-1024x683.jpg\" \/><\/a>\n\t\t\t<\/div><\/figure><figure class='gallery-item'>\n\t\t\t<div class='gallery-icon landscape'>\n\t\t\t\t<a href='https:\/\/www.joaquinlois.com\/catedral-granada\/construccion-de-los-fuelles\/dsc07624\/'><img loading=\"lazy\" decoding=\"async\" width=\"300\" height=\"300\" src=\"https:\/\/www.joaquinlois.com\/catedral-granada\/wp-content\/uploads\/sites\/3\/2024\/05\/DSC07624-300x300.jpg\" class=\"attachment-thumbnail size-thumbnail\" alt=\"\" srcset=\"https:\/\/www.joaquinlois.com\/catedral-granada\/wp-content\/uploads\/sites\/3\/2024\/05\/DSC07624-300x300.jpg 300w, https:\/\/www.joaquinlois.com\/catedral-granada\/wp-content\/uploads\/sites\/3\/2024\/05\/DSC07624-400x400.jpg 400w\" sizes=\"auto, (max-width: 300px) 100vw, 300px\" data-attachment-id=\"4393\" data-permalink=\"https:\/\/www.joaquinlois.com\/catedral-granada\/construccion-de-los-fuelles\/dsc07624\/\" data-orig-file=\"https:\/\/www.joaquinlois.com\/catedral-granada\/wp-content\/uploads\/sites\/3\/2024\/05\/DSC07624.jpg\" data-orig-size=\"1200,730\" data-comments-opened=\"0\" data-image-meta=\"{&quot;aperture&quot;:&quot;0&quot;,&quot;credit&quot;:&quot;&quot;,&quot;camera&quot;:&quot;&quot;,&quot;caption&quot;:&quot;&quot;,&quot;created_timestamp&quot;:&quot;0&quot;,&quot;copyright&quot;:&quot;&quot;,&quot;focal_length&quot;:&quot;0&quot;,&quot;iso&quot;:&quot;0&quot;,&quot;shutter_speed&quot;:&quot;0&quot;,&quot;title&quot;:&quot;&quot;,&quot;orientation&quot;:&quot;0&quot;,&quot;lens&quot;:&quot;&quot;}\" data-image-title=\"DSC07624\" data-image-description=\"\" data-image-caption=\"\" data-medium-file=\"https:\/\/www.joaquinlois.com\/catedral-granada\/wp-content\/uploads\/sites\/3\/2024\/05\/DSC07624-500x304.jpg\" data-large-file=\"https:\/\/www.joaquinlois.com\/catedral-granada\/wp-content\/uploads\/sites\/3\/2024\/05\/DSC07624-1024x623.jpg\" \/><\/a>\n\t\t\t<\/div><\/figure><figure class='gallery-item'>\n\t\t\t<div class='gallery-icon landscape'>\n\t\t\t\t<a href='https:\/\/www.joaquinlois.com\/catedral-granada\/construccion-de-los-fuelles\/dsc07734\/'><img loading=\"lazy\" decoding=\"async\" width=\"300\" height=\"300\" src=\"https:\/\/www.joaquinlois.com\/catedral-granada\/wp-content\/uploads\/sites\/3\/2024\/05\/DSC07734-300x300.jpg\" class=\"attachment-thumbnail size-thumbnail\" alt=\"\" srcset=\"https:\/\/www.joaquinlois.com\/catedral-granada\/wp-content\/uploads\/sites\/3\/2024\/05\/DSC07734-300x300.jpg 300w, https:\/\/www.joaquinlois.com\/catedral-granada\/wp-content\/uploads\/sites\/3\/2024\/05\/DSC07734-400x400.jpg 400w\" sizes=\"auto, (max-width: 300px) 100vw, 300px\" data-attachment-id=\"4396\" data-permalink=\"https:\/\/www.joaquinlois.com\/catedral-granada\/construccion-de-los-fuelles\/dsc07734\/\" data-orig-file=\"https:\/\/www.joaquinlois.com\/catedral-granada\/wp-content\/uploads\/sites\/3\/2024\/05\/DSC07734.jpg\" data-orig-size=\"1200,800\" data-comments-opened=\"0\" data-image-meta=\"{&quot;aperture&quot;:&quot;0&quot;,&quot;credit&quot;:&quot;&quot;,&quot;camera&quot;:&quot;&quot;,&quot;caption&quot;:&quot;&quot;,&quot;created_timestamp&quot;:&quot;0&quot;,&quot;copyright&quot;:&quot;&quot;,&quot;focal_length&quot;:&quot;0&quot;,&quot;iso&quot;:&quot;0&quot;,&quot;shutter_speed&quot;:&quot;0&quot;,&quot;title&quot;:&quot;&quot;,&quot;orientation&quot;:&quot;0&quot;,&quot;lens&quot;:&quot;&quot;}\" data-image-title=\"DSC07734\" data-image-description=\"\" data-image-caption=\"\" data-medium-file=\"https:\/\/www.joaquinlois.com\/catedral-granada\/wp-content\/uploads\/sites\/3\/2024\/05\/DSC07734-500x333.jpg\" data-large-file=\"https:\/\/www.joaquinlois.com\/catedral-granada\/wp-content\/uploads\/sites\/3\/2024\/05\/DSC07734-1024x683.jpg\" \/><\/a>\n\t\t\t<\/div><\/figure><figure class='gallery-item'>\n\t\t\t<div class='gallery-icon landscape'>\n\t\t\t\t<a href='https:\/\/www.joaquinlois.com\/catedral-granada\/construccion-de-los-fuelles\/dsc07796\/'><img loading=\"lazy\" decoding=\"async\" width=\"300\" height=\"300\" src=\"https:\/\/www.joaquinlois.com\/catedral-granada\/wp-content\/uploads\/sites\/3\/2024\/05\/DSC07796-300x300.jpg\" class=\"attachment-thumbnail size-thumbnail\" alt=\"\" srcset=\"https:\/\/www.joaquinlois.com\/catedral-granada\/wp-content\/uploads\/sites\/3\/2024\/05\/DSC07796-300x300.jpg 300w, https:\/\/www.joaquinlois.com\/catedral-granada\/wp-content\/uploads\/sites\/3\/2024\/05\/DSC07796-400x400.jpg 400w\" sizes=\"auto, (max-width: 300px) 100vw, 300px\" data-attachment-id=\"4397\" data-permalink=\"https:\/\/www.joaquinlois.com\/catedral-granada\/construccion-de-los-fuelles\/dsc07796\/\" data-orig-file=\"https:\/\/www.joaquinlois.com\/catedral-granada\/wp-content\/uploads\/sites\/3\/2024\/05\/DSC07796.jpg\" data-orig-size=\"1200,800\" data-comments-opened=\"0\" data-image-meta=\"{&quot;aperture&quot;:&quot;0&quot;,&quot;credit&quot;:&quot;&quot;,&quot;camera&quot;:&quot;&quot;,&quot;caption&quot;:&quot;&quot;,&quot;created_timestamp&quot;:&quot;0&quot;,&quot;copyright&quot;:&quot;&quot;,&quot;focal_length&quot;:&quot;0&quot;,&quot;iso&quot;:&quot;0&quot;,&quot;shutter_speed&quot;:&quot;0&quot;,&quot;title&quot;:&quot;&quot;,&quot;orientation&quot;:&quot;0&quot;,&quot;lens&quot;:&quot;&quot;}\" data-image-title=\"DSC07796\" data-image-description=\"\" data-image-caption=\"\" data-medium-file=\"https:\/\/www.joaquinlois.com\/catedral-granada\/wp-content\/uploads\/sites\/3\/2024\/05\/DSC07796-500x333.jpg\" data-large-file=\"https:\/\/www.joaquinlois.com\/catedral-granada\/wp-content\/uploads\/sites\/3\/2024\/05\/DSC07796-1024x683.jpg\" \/><\/a>\n\t\t\t<\/div><\/figure><figure class='gallery-item'>\n\t\t\t<div class='gallery-icon landscape'>\n\t\t\t\t<a href='https:\/\/www.joaquinlois.com\/catedral-granada\/construccion-de-los-fuelles\/dsc07724\/'><img loading=\"lazy\" decoding=\"async\" width=\"300\" height=\"300\" src=\"https:\/\/www.joaquinlois.com\/catedral-granada\/wp-content\/uploads\/sites\/3\/2024\/05\/DSC07724-300x300.jpg\" class=\"attachment-thumbnail size-thumbnail\" alt=\"\" srcset=\"https:\/\/www.joaquinlois.com\/catedral-granada\/wp-content\/uploads\/sites\/3\/2024\/05\/DSC07724-300x300.jpg 300w, https:\/\/www.joaquinlois.com\/catedral-granada\/wp-content\/uploads\/sites\/3\/2024\/05\/DSC07724-400x400.jpg 400w\" sizes=\"auto, (max-width: 300px) 100vw, 300px\" data-attachment-id=\"4394\" data-permalink=\"https:\/\/www.joaquinlois.com\/catedral-granada\/construccion-de-los-fuelles\/dsc07724\/\" data-orig-file=\"https:\/\/www.joaquinlois.com\/catedral-granada\/wp-content\/uploads\/sites\/3\/2024\/05\/DSC07724.jpg\" data-orig-size=\"1200,976\" data-comments-opened=\"0\" data-image-meta=\"{&quot;aperture&quot;:&quot;0&quot;,&quot;credit&quot;:&quot;&quot;,&quot;camera&quot;:&quot;&quot;,&quot;caption&quot;:&quot;&quot;,&quot;created_timestamp&quot;:&quot;0&quot;,&quot;copyright&quot;:&quot;&quot;,&quot;focal_length&quot;:&quot;0&quot;,&quot;iso&quot;:&quot;0&quot;,&quot;shutter_speed&quot;:&quot;0&quot;,&quot;title&quot;:&quot;&quot;,&quot;orientation&quot;:&quot;0&quot;,&quot;lens&quot;:&quot;&quot;}\" data-image-title=\"DSC07724\" data-image-description=\"\" data-image-caption=\"\" data-medium-file=\"https:\/\/www.joaquinlois.com\/catedral-granada\/wp-content\/uploads\/sites\/3\/2024\/05\/DSC07724-500x407.jpg\" data-large-file=\"https:\/\/www.joaquinlois.com\/catedral-granada\/wp-content\/uploads\/sites\/3\/2024\/05\/DSC07724-1024x833.jpg\" \/><\/a>\n\t\t\t<\/div><\/figure><figure class='gallery-item'>\n\t\t\t<div class='gallery-icon landscape'>\n\t\t\t\t<a href='https:\/\/www.joaquinlois.com\/catedral-granada\/construccion-de-los-fuelles\/dsc07733\/'><img loading=\"lazy\" decoding=\"async\" width=\"300\" height=\"300\" src=\"https:\/\/www.joaquinlois.com\/catedral-granada\/wp-content\/uploads\/sites\/3\/2024\/05\/DSC07733-300x300.jpg\" class=\"attachment-thumbnail size-thumbnail\" alt=\"\" srcset=\"https:\/\/www.joaquinlois.com\/catedral-granada\/wp-content\/uploads\/sites\/3\/2024\/05\/DSC07733-300x300.jpg 300w, https:\/\/www.joaquinlois.com\/catedral-granada\/wp-content\/uploads\/sites\/3\/2024\/05\/DSC07733-400x400.jpg 400w\" sizes=\"auto, (max-width: 300px) 100vw, 300px\" data-attachment-id=\"4395\" data-permalink=\"https:\/\/www.joaquinlois.com\/catedral-granada\/construccion-de-los-fuelles\/dsc07733\/\" data-orig-file=\"https:\/\/www.joaquinlois.com\/catedral-granada\/wp-content\/uploads\/sites\/3\/2024\/05\/DSC07733.jpg\" data-orig-size=\"1200,687\" data-comments-opened=\"0\" data-image-meta=\"{&quot;aperture&quot;:&quot;0&quot;,&quot;credit&quot;:&quot;&quot;,&quot;camera&quot;:&quot;&quot;,&quot;caption&quot;:&quot;&quot;,&quot;created_timestamp&quot;:&quot;0&quot;,&quot;copyright&quot;:&quot;&quot;,&quot;focal_length&quot;:&quot;0&quot;,&quot;iso&quot;:&quot;0&quot;,&quot;shutter_speed&quot;:&quot;0&quot;,&quot;title&quot;:&quot;&quot;,&quot;orientation&quot;:&quot;0&quot;,&quot;lens&quot;:&quot;&quot;}\" data-image-title=\"DSC07733\" data-image-description=\"\" data-image-caption=\"\" data-medium-file=\"https:\/\/www.joaquinlois.com\/catedral-granada\/wp-content\/uploads\/sites\/3\/2024\/05\/DSC07733-500x286.jpg\" data-large-file=\"https:\/\/www.joaquinlois.com\/catedral-granada\/wp-content\/uploads\/sites\/3\/2024\/05\/DSC07733-1024x586.jpg\" \/><\/a>\n\t\t\t<\/div><\/figure>\n\t\t<\/div>\n\n\n\n\n<p><\/p>\n\n\n\n<p>Montados y comprobados en el taller para posteriormente montarlos en la catedral<\/p>\n\n\n\n<div data-carousel-extra='{&quot;blog_id&quot;:3,&quot;permalink&quot;:&quot;https:\/\/www.joaquinlois.com\/catedral-granada\/construccion-de-los-fuelles\/&quot;}' id='gallery-2' class='gallery galleryid-4373 gallery-columns-3 gallery-size-thumbnail'><figure class='gallery-item'>\n\t\t\t<div class='gallery-icon landscape'>\n\t\t\t\t<a href='https:\/\/www.joaquinlois.com\/catedral-granada\/construccion-de-los-fuelles\/mg_7047\/'><img loading=\"lazy\" decoding=\"async\" width=\"300\" height=\"300\" src=\"https:\/\/www.joaquinlois.com\/catedral-granada\/wp-content\/uploads\/sites\/3\/2024\/08\/MG_7047-300x300.jpg\" class=\"attachment-thumbnail size-thumbnail\" alt=\"\" srcset=\"https:\/\/www.joaquinlois.com\/catedral-granada\/wp-content\/uploads\/sites\/3\/2024\/08\/MG_7047-300x300.jpg 300w, https:\/\/www.joaquinlois.com\/catedral-granada\/wp-content\/uploads\/sites\/3\/2024\/08\/MG_7047-400x400.jpg 400w\" sizes=\"auto, (max-width: 300px) 100vw, 300px\" data-attachment-id=\"4457\" data-permalink=\"https:\/\/www.joaquinlois.com\/catedral-granada\/construccion-de-los-fuelles\/mg_7047\/\" data-orig-file=\"https:\/\/www.joaquinlois.com\/catedral-granada\/wp-content\/uploads\/sites\/3\/2024\/08\/MG_7047.jpg\" data-orig-size=\"1300,867\" data-comments-opened=\"0\" data-image-meta=\"{&quot;aperture&quot;:&quot;0&quot;,&quot;credit&quot;:&quot;&quot;,&quot;camera&quot;:&quot;&quot;,&quot;caption&quot;:&quot;&quot;,&quot;created_timestamp&quot;:&quot;0&quot;,&quot;copyright&quot;:&quot;&quot;,&quot;focal_length&quot;:&quot;0&quot;,&quot;iso&quot;:&quot;0&quot;,&quot;shutter_speed&quot;:&quot;0&quot;,&quot;title&quot;:&quot;&quot;,&quot;orientation&quot;:&quot;0&quot;,&quot;lens&quot;:&quot;&quot;}\" data-image-title=\"MG_7047\" data-image-description=\"\" data-image-caption=\"\" data-medium-file=\"https:\/\/www.joaquinlois.com\/catedral-granada\/wp-content\/uploads\/sites\/3\/2024\/08\/MG_7047-500x333.jpg\" data-large-file=\"https:\/\/www.joaquinlois.com\/catedral-granada\/wp-content\/uploads\/sites\/3\/2024\/08\/MG_7047-1024x683.jpg\" \/><\/a>\n\t\t\t<\/div><\/figure><figure class='gallery-item'>\n\t\t\t<div class='gallery-icon landscape'>\n\t\t\t\t<a href='https:\/\/www.joaquinlois.com\/catedral-granada\/construccion-de-los-fuelles\/mg_7051\/'><img loading=\"lazy\" decoding=\"async\" width=\"300\" height=\"300\" src=\"https:\/\/www.joaquinlois.com\/catedral-granada\/wp-content\/uploads\/sites\/3\/2024\/08\/MG_7051-300x300.jpg\" class=\"attachment-thumbnail size-thumbnail\" alt=\"\" srcset=\"https:\/\/www.joaquinlois.com\/catedral-granada\/wp-content\/uploads\/sites\/3\/2024\/08\/MG_7051-300x300.jpg 300w, https:\/\/www.joaquinlois.com\/catedral-granada\/wp-content\/uploads\/sites\/3\/2024\/08\/MG_7051-400x400.jpg 400w\" sizes=\"auto, (max-width: 300px) 100vw, 300px\" data-attachment-id=\"4458\" data-permalink=\"https:\/\/www.joaquinlois.com\/catedral-granada\/construccion-de-los-fuelles\/mg_7051\/\" data-orig-file=\"https:\/\/www.joaquinlois.com\/catedral-granada\/wp-content\/uploads\/sites\/3\/2024\/08\/MG_7051.jpg\" data-orig-size=\"1300,867\" data-comments-opened=\"0\" data-image-meta=\"{&quot;aperture&quot;:&quot;0&quot;,&quot;credit&quot;:&quot;&quot;,&quot;camera&quot;:&quot;&quot;,&quot;caption&quot;:&quot;&quot;,&quot;created_timestamp&quot;:&quot;0&quot;,&quot;copyright&quot;:&quot;&quot;,&quot;focal_length&quot;:&quot;0&quot;,&quot;iso&quot;:&quot;0&quot;,&quot;shutter_speed&quot;:&quot;0&quot;,&quot;title&quot;:&quot;&quot;,&quot;orientation&quot;:&quot;0&quot;,&quot;lens&quot;:&quot;&quot;}\" data-image-title=\"MG_7051\" data-image-description=\"\" data-image-caption=\"\" data-medium-file=\"https:\/\/www.joaquinlois.com\/catedral-granada\/wp-content\/uploads\/sites\/3\/2024\/08\/MG_7051-500x333.jpg\" data-large-file=\"https:\/\/www.joaquinlois.com\/catedral-granada\/wp-content\/uploads\/sites\/3\/2024\/08\/MG_7051-1024x683.jpg\" \/><\/a>\n\t\t\t<\/div><\/figure>\n\t\t<\/div>\n\n\n\n\n<p><\/p>\n\n\n\n<p><\/p>\n\n\n\n<p><\/p>\n","protected":false},"excerpt":{"rendered":"<p>Se han construido seis fuelles de cu\u00f1a como se desprende de la documentaci\u00f3n existente Son de seis pliegos y de la hechura tradicional Montados y comprobados en el taller para posteriormente montarlos en la catedral<\/p>\n","protected":false},"author":1,"featured_media":4396,"comment_status":"closed","ping_status":"closed","sticky":false,"template":"","format":"standard","meta":{"_acf_changed":false,"_jetpack_memberships_contains_paid_content":false,"footnotes":""},"categories":[1],"tags":[],"elemento":[12],"lt":[9],"teclados":[],"class_list":["post-4373","post","type-post","status-publish","format-standard","has-post-thumbnail","hentry","category-sin-categoria","elemento-fuelles","lt-construccion"],"acf":[],"yoast_head":"<!-- This site is optimized with the Yoast SEO plugin v27.3 - https:\/\/yoast.com\/product\/yoast-seo-wordpress\/ -->\n<title>Construcci\u00f3n de los fuelles | \u00d3rgano de la ep\u00edstola de la Catedral de Granada<\/title>\n<meta name=\"robots\" content=\"index, follow, max-snippet:-1, max-image-preview:large, max-video-preview:-1\" \/>\n<link rel=\"canonical\" href=\"https:\/\/www.joaquinlois.com\/catedral-granada\/construccion-de-los-fuelles\/\" \/>\n<meta property=\"og:locale\" content=\"es_ES\" \/>\n<meta property=\"og:type\" content=\"article\" \/>\n<meta property=\"og:title\" content=\"Construcci\u00f3n de los fuelles | \u00d3rgano de la ep\u00edstola de la Catedral de Granada\" \/>\n<meta property=\"og:description\" content=\"Se han construido seis fuelles de cu\u00f1a como se desprende de la documentaci\u00f3n existente Son de seis pliegos y de la hechura tradicional Montados y comprobados en el taller para posteriormente montarlos en la catedral\" \/>\n<meta property=\"og:url\" content=\"https:\/\/www.joaquinlois.com\/catedral-granada\/construccion-de-los-fuelles\/\" \/>\n<meta property=\"og:site_name\" content=\"\u00d3rgano de la ep\u00edstola de la Catedral de Granada\" \/>\n<meta property=\"article:publisher\" content=\"https:\/\/www.facebook.com\/joaquinlois\" \/>\n<meta property=\"article:published_time\" content=\"2024-02-09T15:24:53+00:00\" \/>\n<meta property=\"article:modified_time\" content=\"2025-01-19T11:45:45+00:00\" \/>\n<meta property=\"og:image\" content=\"https:\/\/www.joaquinlois.com\/catedral-granada\/wp-content\/uploads\/sites\/3\/2024\/05\/DSC07734.jpg\" \/>\n\t<meta property=\"og:image:width\" content=\"1200\" \/>\n\t<meta property=\"og:image:height\" content=\"800\" \/>\n\t<meta property=\"og:image:type\" content=\"image\/jpeg\" \/>\n<meta name=\"author\" content=\"admin\" \/>\n<meta name=\"twitter:card\" content=\"summary_large_image\" \/>\n<meta name=\"twitter:label1\" content=\"Escrito por\" \/>\n\t<meta name=\"twitter:data1\" content=\"admin\" \/>\n\t<meta name=\"twitter:label2\" content=\"Tiempo de lectura\" \/>\n\t<meta name=\"twitter:data2\" content=\"1 minuto\" \/>\n<script type=\"application\/ld+json\" class=\"yoast-schema-graph\">{\"@context\":\"https:\\\/\\\/schema.org\",\"@graph\":[{\"@type\":\"Article\",\"@id\":\"https:\\\/\\\/www.joaquinlois.com\\\/catedral-granada\\\/construccion-de-los-fuelles\\\/#article\",\"isPartOf\":{\"@id\":\"https:\\\/\\\/www.joaquinlois.com\\\/catedral-granada\\\/construccion-de-los-fuelles\\\/\"},\"author\":{\"name\":\"admin\",\"@id\":\"https:\\\/\\\/www.joaquinlois.com\\\/catedral-granada\\\/#\\\/schema\\\/person\\\/91b02054a0a8f4c46cc3753e6417987a\"},\"headline\":\"Construcci\u00f3n de los fuelles\",\"datePublished\":\"2024-02-09T15:24:53+00:00\",\"dateModified\":\"2025-01-19T11:45:45+00:00\",\"mainEntityOfPage\":{\"@id\":\"https:\\\/\\\/www.joaquinlois.com\\\/catedral-granada\\\/construccion-de-los-fuelles\\\/\"},\"wordCount\":62,\"publisher\":{\"@id\":\"https:\\\/\\\/www.joaquinlois.com\\\/catedral-granada\\\/#organization\"},\"image\":{\"@id\":\"https:\\\/\\\/www.joaquinlois.com\\\/catedral-granada\\\/construccion-de-los-fuelles\\\/#primaryimage\"},\"thumbnailUrl\":\"https:\\\/\\\/www.joaquinlois.com\\\/catedral-granada\\\/wp-content\\\/uploads\\\/sites\\\/3\\\/2024\\\/05\\\/DSC07734.jpg\",\"inLanguage\":\"es\"},{\"@type\":\"WebPage\",\"@id\":\"https:\\\/\\\/www.joaquinlois.com\\\/catedral-granada\\\/construccion-de-los-fuelles\\\/\",\"url\":\"https:\\\/\\\/www.joaquinlois.com\\\/catedral-granada\\\/construccion-de-los-fuelles\\\/\",\"name\":\"Construcci\u00f3n de los fuelles | \u00d3rgano de la ep\u00edstola de la Catedral de Granada\",\"isPartOf\":{\"@id\":\"https:\\\/\\\/www.joaquinlois.com\\\/catedral-granada\\\/#website\"},\"primaryImageOfPage\":{\"@id\":\"https:\\\/\\\/www.joaquinlois.com\\\/catedral-granada\\\/construccion-de-los-fuelles\\\/#primaryimage\"},\"image\":{\"@id\":\"https:\\\/\\\/www.joaquinlois.com\\\/catedral-granada\\\/construccion-de-los-fuelles\\\/#primaryimage\"},\"thumbnailUrl\":\"https:\\\/\\\/www.joaquinlois.com\\\/catedral-granada\\\/wp-content\\\/uploads\\\/sites\\\/3\\\/2024\\\/05\\\/DSC07734.jpg\",\"datePublished\":\"2024-02-09T15:24:53+00:00\",\"dateModified\":\"2025-01-19T11:45:45+00:00\",\"inLanguage\":\"es\",\"potentialAction\":[{\"@type\":\"ReadAction\",\"target\":[\"https:\\\/\\\/www.joaquinlois.com\\\/catedral-granada\\\/construccion-de-los-fuelles\\\/\"]}]},{\"@type\":\"ImageObject\",\"inLanguage\":\"es\",\"@id\":\"https:\\\/\\\/www.joaquinlois.com\\\/catedral-granada\\\/construccion-de-los-fuelles\\\/#primaryimage\",\"url\":\"https:\\\/\\\/www.joaquinlois.com\\\/catedral-granada\\\/wp-content\\\/uploads\\\/sites\\\/3\\\/2024\\\/05\\\/DSC07734.jpg\",\"contentUrl\":\"https:\\\/\\\/www.joaquinlois.com\\\/catedral-granada\\\/wp-content\\\/uploads\\\/sites\\\/3\\\/2024\\\/05\\\/DSC07734.jpg\",\"width\":1200,\"height\":800},{\"@type\":\"WebSite\",\"@id\":\"https:\\\/\\\/www.joaquinlois.com\\\/catedral-granada\\\/#website\",\"url\":\"https:\\\/\\\/www.joaquinlois.com\\\/catedral-granada\\\/\",\"name\":\"\u00d3tgano de la ep\u00edstola de la catedral de Granada\",\"description\":\"Restauraci\u00f3n en curso por el taller de organer\u00eca de Joaqu\u00edn Lois\",\"publisher\":{\"@id\":\"https:\\\/\\\/www.joaquinlois.com\\\/catedral-granada\\\/#organization\"},\"potentialAction\":[{\"@type\":\"SearchAction\",\"target\":{\"@type\":\"EntryPoint\",\"urlTemplate\":\"https:\\\/\\\/www.joaquinlois.com\\\/catedral-granada\\\/?s={search_term_string}\"},\"query-input\":{\"@type\":\"PropertyValueSpecification\",\"valueRequired\":true,\"valueName\":\"search_term_string\"}}],\"inLanguage\":\"es\"},{\"@type\":\"Organization\",\"@id\":\"https:\\\/\\\/www.joaquinlois.com\\\/catedral-granada\\\/#organization\",\"name\":\"Joaqu\u00edn Lois - Organero\",\"url\":\"https:\\\/\\\/www.joaquinlois.com\\\/catedral-granada\\\/\",\"logo\":{\"@type\":\"ImageObject\",\"inLanguage\":\"es\",\"@id\":\"https:\\\/\\\/www.joaquinlois.com\\\/catedral-granada\\\/#\\\/schema\\\/logo\\\/image\\\/\",\"url\":\"https:\\\/\\\/www.joaquinlois.com\\\/catedral-granada\\\/wp-content\\\/uploads\\\/sites\\\/3\\\/2023\\\/01\\\/Joaquin-Lois-Organero.jpg\",\"contentUrl\":\"https:\\\/\\\/www.joaquinlois.com\\\/catedral-granada\\\/wp-content\\\/uploads\\\/sites\\\/3\\\/2023\\\/01\\\/Joaquin-Lois-Organero.jpg\",\"width\":667,\"height\":667,\"caption\":\"Joaqu\u00edn Lois - Organero\"},\"image\":{\"@id\":\"https:\\\/\\\/www.joaquinlois.com\\\/catedral-granada\\\/#\\\/schema\\\/logo\\\/image\\\/\"},\"sameAs\":[\"https:\\\/\\\/www.facebook.com\\\/joaquinlois\"]},{\"@type\":\"Person\",\"@id\":\"https:\\\/\\\/www.joaquinlois.com\\\/catedral-granada\\\/#\\\/schema\\\/person\\\/91b02054a0a8f4c46cc3753e6417987a\",\"name\":\"admin\",\"sameAs\":[\"https:\\\/\\\/www.joaquinlois.com\"],\"url\":\"https:\\\/\\\/www.joaquinlois.com\\\/catedral-granada\\\/author\\\/admin\\\/\"}]}<\/script>\n<!-- \/ Yoast SEO plugin. -->","yoast_head_json":{"title":"Construcci\u00f3n de los fuelles | \u00d3rgano de la ep\u00edstola de la Catedral de Granada","robots":{"index":"index","follow":"follow","max-snippet":"max-snippet:-1","max-image-preview":"max-image-preview:large","max-video-preview":"max-video-preview:-1"},"canonical":"https:\/\/www.joaquinlois.com\/catedral-granada\/construccion-de-los-fuelles\/","og_locale":"es_ES","og_type":"article","og_title":"Construcci\u00f3n de los fuelles | \u00d3rgano de la ep\u00edstola de la Catedral de Granada","og_description":"Se han construido seis fuelles de cu\u00f1a como se desprende de la documentaci\u00f3n existente Son de seis pliegos y de la hechura tradicional Montados y comprobados en el taller para posteriormente montarlos en la catedral","og_url":"https:\/\/www.joaquinlois.com\/catedral-granada\/construccion-de-los-fuelles\/","og_site_name":"\u00d3rgano de la ep\u00edstola de la Catedral de Granada","article_publisher":"https:\/\/www.facebook.com\/joaquinlois","article_published_time":"2024-02-09T15:24:53+00:00","article_modified_time":"2025-01-19T11:45:45+00:00","og_image":[{"width":1200,"height":800,"url":"https:\/\/www.joaquinlois.com\/catedral-granada\/wp-content\/uploads\/sites\/3\/2024\/05\/DSC07734.jpg","type":"image\/jpeg"}],"author":"admin","twitter_card":"summary_large_image","twitter_misc":{"Escrito por":"admin","Tiempo de lectura":"1 minuto"},"schema":{"@context":"https:\/\/schema.org","@graph":[{"@type":"Article","@id":"https:\/\/www.joaquinlois.com\/catedral-granada\/construccion-de-los-fuelles\/#article","isPartOf":{"@id":"https:\/\/www.joaquinlois.com\/catedral-granada\/construccion-de-los-fuelles\/"},"author":{"name":"admin","@id":"https:\/\/www.joaquinlois.com\/catedral-granada\/#\/schema\/person\/91b02054a0a8f4c46cc3753e6417987a"},"headline":"Construcci\u00f3n de los fuelles","datePublished":"2024-02-09T15:24:53+00:00","dateModified":"2025-01-19T11:45:45+00:00","mainEntityOfPage":{"@id":"https:\/\/www.joaquinlois.com\/catedral-granada\/construccion-de-los-fuelles\/"},"wordCount":62,"publisher":{"@id":"https:\/\/www.joaquinlois.com\/catedral-granada\/#organization"},"image":{"@id":"https:\/\/www.joaquinlois.com\/catedral-granada\/construccion-de-los-fuelles\/#primaryimage"},"thumbnailUrl":"https:\/\/www.joaquinlois.com\/catedral-granada\/wp-content\/uploads\/sites\/3\/2024\/05\/DSC07734.jpg","inLanguage":"es"},{"@type":"WebPage","@id":"https:\/\/www.joaquinlois.com\/catedral-granada\/construccion-de-los-fuelles\/","url":"https:\/\/www.joaquinlois.com\/catedral-granada\/construccion-de-los-fuelles\/","name":"Construcci\u00f3n de los fuelles | \u00d3rgano de la ep\u00edstola de la Catedral de Granada","isPartOf":{"@id":"https:\/\/www.joaquinlois.com\/catedral-granada\/#website"},"primaryImageOfPage":{"@id":"https:\/\/www.joaquinlois.com\/catedral-granada\/construccion-de-los-fuelles\/#primaryimage"},"image":{"@id":"https:\/\/www.joaquinlois.com\/catedral-granada\/construccion-de-los-fuelles\/#primaryimage"},"thumbnailUrl":"https:\/\/www.joaquinlois.com\/catedral-granada\/wp-content\/uploads\/sites\/3\/2024\/05\/DSC07734.jpg","datePublished":"2024-02-09T15:24:53+00:00","dateModified":"2025-01-19T11:45:45+00:00","inLanguage":"es","potentialAction":[{"@type":"ReadAction","target":["https:\/\/www.joaquinlois.com\/catedral-granada\/construccion-de-los-fuelles\/"]}]},{"@type":"ImageObject","inLanguage":"es","@id":"https:\/\/www.joaquinlois.com\/catedral-granada\/construccion-de-los-fuelles\/#primaryimage","url":"https:\/\/www.joaquinlois.com\/catedral-granada\/wp-content\/uploads\/sites\/3\/2024\/05\/DSC07734.jpg","contentUrl":"https:\/\/www.joaquinlois.com\/catedral-granada\/wp-content\/uploads\/sites\/3\/2024\/05\/DSC07734.jpg","width":1200,"height":800},{"@type":"WebSite","@id":"https:\/\/www.joaquinlois.com\/catedral-granada\/#website","url":"https:\/\/www.joaquinlois.com\/catedral-granada\/","name":"\u00d3tgano de la ep\u00edstola de la catedral de Granada","description":"Restauraci\u00f3n en curso por el taller de organer\u00eca de Joaqu\u00edn Lois","publisher":{"@id":"https:\/\/www.joaquinlois.com\/catedral-granada\/#organization"},"potentialAction":[{"@type":"SearchAction","target":{"@type":"EntryPoint","urlTemplate":"https:\/\/www.joaquinlois.com\/catedral-granada\/?s={search_term_string}"},"query-input":{"@type":"PropertyValueSpecification","valueRequired":true,"valueName":"search_term_string"}}],"inLanguage":"es"},{"@type":"Organization","@id":"https:\/\/www.joaquinlois.com\/catedral-granada\/#organization","name":"Joaqu\u00edn Lois - Organero","url":"https:\/\/www.joaquinlois.com\/catedral-granada\/","logo":{"@type":"ImageObject","inLanguage":"es","@id":"https:\/\/www.joaquinlois.com\/catedral-granada\/#\/schema\/logo\/image\/","url":"https:\/\/www.joaquinlois.com\/catedral-granada\/wp-content\/uploads\/sites\/3\/2023\/01\/Joaquin-Lois-Organero.jpg","contentUrl":"https:\/\/www.joaquinlois.com\/catedral-granada\/wp-content\/uploads\/sites\/3\/2023\/01\/Joaquin-Lois-Organero.jpg","width":667,"height":667,"caption":"Joaqu\u00edn Lois - Organero"},"image":{"@id":"https:\/\/www.joaquinlois.com\/catedral-granada\/#\/schema\/logo\/image\/"},"sameAs":["https:\/\/www.facebook.com\/joaquinlois"]},{"@type":"Person","@id":"https:\/\/www.joaquinlois.com\/catedral-granada\/#\/schema\/person\/91b02054a0a8f4c46cc3753e6417987a","name":"admin","sameAs":["https:\/\/www.joaquinlois.com"],"url":"https:\/\/www.joaquinlois.com\/catedral-granada\/author\/admin\/"}]}},"jetpack_featured_media_url":"https:\/\/www.joaquinlois.com\/catedral-granada\/wp-content\/uploads\/sites\/3\/2024\/05\/DSC07734.jpg","jetpack_sharing_enabled":true,"_links":{"self":[{"href":"https:\/\/www.joaquinlois.com\/catedral-granada\/wp-json\/wp\/v2\/posts\/4373","targetHints":{"allow":["GET"]}}],"collection":[{"href":"https:\/\/www.joaquinlois.com\/catedral-granada\/wp-json\/wp\/v2\/posts"}],"about":[{"href":"https:\/\/www.joaquinlois.com\/catedral-granada\/wp-json\/wp\/v2\/types\/post"}],"author":[{"embeddable":true,"href":"https:\/\/www.joaquinlois.com\/catedral-granada\/wp-json\/wp\/v2\/users\/1"}],"replies":[{"embeddable":true,"href":"https:\/\/www.joaquinlois.com\/catedral-granada\/wp-json\/wp\/v2\/comments?post=4373"}],"version-history":[{"count":14,"href":"https:\/\/www.joaquinlois.com\/catedral-granada\/wp-json\/wp\/v2\/posts\/4373\/revisions"}],"predecessor-version":[{"id":4812,"href":"https:\/\/www.joaquinlois.com\/catedral-granada\/wp-json\/wp\/v2\/posts\/4373\/revisions\/4812"}],"wp:featuredmedia":[{"embeddable":true,"href":"https:\/\/www.joaquinlois.com\/catedral-granada\/wp-json\/wp\/v2\/media\/4396"}],"wp:attachment":[{"href":"https:\/\/www.joaquinlois.com\/catedral-granada\/wp-json\/wp\/v2\/media?parent=4373"}],"wp:term":[{"taxonomy":"category","embeddable":true,"href":"https:\/\/www.joaquinlois.com\/catedral-granada\/wp-json\/wp\/v2\/categories?post=4373"},{"taxonomy":"post_tag","embeddable":true,"href":"https:\/\/www.joaquinlois.com\/catedral-granada\/wp-json\/wp\/v2\/tags?post=4373"},{"taxonomy":"elemento","embeddable":true,"href":"https:\/\/www.joaquinlois.com\/catedral-granada\/wp-json\/wp\/v2\/elemento?post=4373"},{"taxonomy":"lt","embeddable":true,"href":"https:\/\/www.joaquinlois.com\/catedral-granada\/wp-json\/wp\/v2\/lt?post=4373"},{"taxonomy":"teclados","embeddable":true,"href":"https:\/\/www.joaquinlois.com\/catedral-granada\/wp-json\/wp\/v2\/teclados?post=4373"}],"curies":[{"name":"wp","href":"https:\/\/api.w.org\/{rel}","templated":true}]}}