{"id":4022,"date":"2024-02-15T17:24:00","date_gmt":"2024-02-15T17:24:00","guid":{"rendered":"https:\/\/www.joaquinlois.com\/catedral-granada\/?p=4022"},"modified":"2025-01-19T11:47:46","modified_gmt":"2025-01-19T11:47:46","slug":"restauracion-del-flautado-de-26","status":"publish","type":"post","link":"https:\/\/www.joaquinlois.com\/catedral-granada\/restauracion-del-flautado-de-26\/","title":{"rendered":"Restauraci\u00f3n del Flautado de 26"},"content":{"rendered":"\n<h2 class=\"wp-block-heading\"><\/h2>\n\n\n\n<p>El Flautado de 26 va en fachada hasta el \u00faltimo Do. <\/p>\n\n\n\n<blockquote class=\"wp-block-quote is-layout-flow wp-block-quote-is-layout-flow\">\n<p>Su hechura y ornamentaci\u00f3n son caracter\u00edsticos de Leonardo Fern\u00e1ndez D\u00e1vila. <\/p>\n<\/blockquote>\n\n\n\n<p>Las m\u00e1scaras que llevan en la boca est\u00e1n repujadas en piezas de similar aleaci\u00f3n a los tubos.<\/p>\n\n\n\n<div data-carousel-extra='{&quot;blog_id&quot;:3,&quot;permalink&quot;:&quot;https:\/\/www.joaquinlois.com\/catedral-granada\/restauracion-del-flautado-de-26\/&quot;}' id='gallery-1' class='gallery galleryid-4022 gallery-columns-3 gallery-size-thumbnail'><figure class='gallery-item'>\n\t\t\t<div class='gallery-icon landscape'>\n\t\t\t\t<a href='https:\/\/www.joaquinlois.com\/catedral-granada\/restauracion-del-flautado-de-26\/dsc09175\/'><img loading=\"lazy\" decoding=\"async\" width=\"300\" height=\"300\" src=\"https:\/\/www.joaquinlois.com\/catedral-granada\/wp-content\/uploads\/sites\/3\/2024\/02\/DSC09175-300x300.jpg\" class=\"attachment-thumbnail size-thumbnail\" alt=\"\" srcset=\"https:\/\/www.joaquinlois.com\/catedral-granada\/wp-content\/uploads\/sites\/3\/2024\/02\/DSC09175-300x300.jpg 300w, https:\/\/www.joaquinlois.com\/catedral-granada\/wp-content\/uploads\/sites\/3\/2024\/02\/DSC09175-400x400.jpg 400w\" sizes=\"auto, (max-width: 300px) 100vw, 300px\" data-attachment-id=\"4136\" data-permalink=\"https:\/\/www.joaquinlois.com\/catedral-granada\/restauracion-del-flautado-de-26\/dsc09175\/\" data-orig-file=\"https:\/\/www.joaquinlois.com\/catedral-granada\/wp-content\/uploads\/sites\/3\/2024\/02\/DSC09175.jpg\" data-orig-size=\"1200,675\" data-comments-opened=\"0\" data-image-meta=\"{&quot;aperture&quot;:&quot;0&quot;,&quot;credit&quot;:&quot;&quot;,&quot;camera&quot;:&quot;&quot;,&quot;caption&quot;:&quot;&quot;,&quot;created_timestamp&quot;:&quot;0&quot;,&quot;copyright&quot;:&quot;&quot;,&quot;focal_length&quot;:&quot;0&quot;,&quot;iso&quot;:&quot;0&quot;,&quot;shutter_speed&quot;:&quot;0&quot;,&quot;title&quot;:&quot;&quot;,&quot;orientation&quot;:&quot;0&quot;,&quot;lens&quot;:&quot;&quot;}\" data-image-title=\"DSC09175\" data-image-description=\"\" data-image-caption=\"\" data-medium-file=\"https:\/\/www.joaquinlois.com\/catedral-granada\/wp-content\/uploads\/sites\/3\/2024\/02\/DSC09175-500x281.jpg\" data-large-file=\"https:\/\/www.joaquinlois.com\/catedral-granada\/wp-content\/uploads\/sites\/3\/2024\/02\/DSC09175-1024x576.jpg\" \/><\/a>\n\t\t\t<\/div><\/figure>\n\t\t<\/div>\n\n\n\n\n<blockquote class=\"wp-block-quote is-layout-flow wp-block-quote-is-layout-flow\">\n<p>La construcci\u00f3n de los tubos es s\u00f3lida si bien algunos defectos de construcci\u00f3n y los avatares de su historia han hecho que llegaran a nuestras manos en muy mal estado. <\/p>\n<\/blockquote>\n\n\n\n<p>Son de madera desde el Do1 al La 1, desde el Sib 1 son de metal.<\/p>\n\n\n\n<p>Como al resto de la tuber\u00eda y especialmente en la fachada se hab\u00edan abierto ventanas de afinaci\u00f3n con entallas para subir el diapas\u00f3n.<\/p>\n\n\n\n<p>M\u00faltiples trabajos  han sido necesarios para restaurar este juego desde cerrar las ventanas de afinaci\u00f3n, desmontaje de tubos por defectos en las almas, correcci\u00f3n del efecto de los dientes en almas, restauraci\u00f3n de morros y pies de elefante, cortes roturas y deformaciones. Muy importante los trabajos de mala calidad realizados a lo largo de su historia.<\/p>\n\n\n\n<h3 class=\"wp-block-heading\">Restauraci\u00f3n del Sib 2  <\/h3>\n\n\n\n<p>Algunos de los tubos mayores de metal estaban seriamente da\u00f1ados y han tenido un complicado proceso de restauraci\u00f3n. El Sib hab\u00eda sufrido importantes intervenciones muy desafortunadas. El desmontaje del mismo revel\u00f3 estas malas pr\u00e1cticas y los problemas de origen.<\/p>\n\n\n\n<div class=\"wp-block-jetpack-slideshow aligncenter is-style-rectangular\" data-autoplay=\"true\" data-delay=\"3\" data-effect=\"slide\"><div class=\"wp-block-jetpack-slideshow_container swiper-container\"><ul class=\"wp-block-jetpack-slideshow_swiper-wrapper swiper-wrapper\"><li class=\"wp-block-jetpack-slideshow_slide swiper-slide\"><figure><img loading=\"lazy\" decoding=\"async\" width=\"1024\" height=\"683\" alt=\"\" class=\"wp-block-jetpack-slideshow_image wp-image-4070\" data-id=\"4070\" src=\"https:\/\/www.joaquinlois.com\/catedral-granada\/wp-content\/uploads\/sites\/3\/2024\/02\/MG_4663-1-1024x683.jpg\" srcset=\"https:\/\/www.joaquinlois.com\/catedral-granada\/wp-content\/uploads\/sites\/3\/2024\/02\/MG_4663-1-1024x683.jpg 1024w, https:\/\/www.joaquinlois.com\/catedral-granada\/wp-content\/uploads\/sites\/3\/2024\/02\/MG_4663-1-500x333.jpg 500w, https:\/\/www.joaquinlois.com\/catedral-granada\/wp-content\/uploads\/sites\/3\/2024\/02\/MG_4663-1-768x512.jpg 768w, https:\/\/www.joaquinlois.com\/catedral-granada\/wp-content\/uploads\/sites\/3\/2024\/02\/MG_4663-1-1536x1024.jpg 1536w, https:\/\/www.joaquinlois.com\/catedral-granada\/wp-content\/uploads\/sites\/3\/2024\/02\/MG_4663-1-2048x1365.jpg 2048w\" sizes=\"(max-width: 1024px) 100vw, 1024px\" \/><\/figure><\/li><li class=\"wp-block-jetpack-slideshow_slide swiper-slide\"><figure><img loading=\"lazy\" decoding=\"async\" width=\"1024\" height=\"683\" alt=\"\" class=\"wp-block-jetpack-slideshow_image wp-image-4046\" data-id=\"4046\" src=\"https:\/\/www.joaquinlois.com\/catedral-granada\/wp-content\/uploads\/sites\/3\/2024\/02\/MG_4668-1024x683.jpg\" srcset=\"https:\/\/www.joaquinlois.com\/catedral-granada\/wp-content\/uploads\/sites\/3\/2024\/02\/MG_4668-1024x683.jpg 1024w, https:\/\/www.joaquinlois.com\/catedral-granada\/wp-content\/uploads\/sites\/3\/2024\/02\/MG_4668-500x333.jpg 500w, https:\/\/www.joaquinlois.com\/catedral-granada\/wp-content\/uploads\/sites\/3\/2024\/02\/MG_4668-768x512.jpg 768w, https:\/\/www.joaquinlois.com\/catedral-granada\/wp-content\/uploads\/sites\/3\/2024\/02\/MG_4668-1536x1024.jpg 1536w, https:\/\/www.joaquinlois.com\/catedral-granada\/wp-content\/uploads\/sites\/3\/2024\/02\/MG_4668-2048x1365.jpg 2048w\" sizes=\"(max-width: 1024px) 100vw, 1024px\" \/><\/figure><\/li><li class=\"wp-block-jetpack-slideshow_slide swiper-slide\"><figure><img loading=\"lazy\" decoding=\"async\" width=\"1024\" height=\"683\" alt=\"\" class=\"wp-block-jetpack-slideshow_image wp-image-4076\" data-id=\"4076\" src=\"https:\/\/www.joaquinlois.com\/catedral-granada\/wp-content\/uploads\/sites\/3\/2024\/02\/MG_4688-1024x683.jpg\" srcset=\"https:\/\/www.joaquinlois.com\/catedral-granada\/wp-content\/uploads\/sites\/3\/2024\/02\/MG_4688-1024x683.jpg 1024w, https:\/\/www.joaquinlois.com\/catedral-granada\/wp-content\/uploads\/sites\/3\/2024\/02\/MG_4688-500x333.jpg 500w, https:\/\/www.joaquinlois.com\/catedral-granada\/wp-content\/uploads\/sites\/3\/2024\/02\/MG_4688-768x512.jpg 768w, https:\/\/www.joaquinlois.com\/catedral-granada\/wp-content\/uploads\/sites\/3\/2024\/02\/MG_4688-1536x1024.jpg 1536w, https:\/\/www.joaquinlois.com\/catedral-granada\/wp-content\/uploads\/sites\/3\/2024\/02\/MG_4688-2048x1365.jpg 2048w\" sizes=\"(max-width: 1024px) 100vw, 1024px\" \/><\/figure><\/li><li class=\"wp-block-jetpack-slideshow_slide swiper-slide\"><figure><img loading=\"lazy\" decoding=\"async\" width=\"1024\" height=\"683\" alt=\"\" class=\"wp-block-jetpack-slideshow_image wp-image-4073\" data-id=\"4073\" src=\"https:\/\/www.joaquinlois.com\/catedral-granada\/wp-content\/uploads\/sites\/3\/2024\/02\/MG_4671_1-1024x683.jpg\" srcset=\"https:\/\/www.joaquinlois.com\/catedral-granada\/wp-content\/uploads\/sites\/3\/2024\/02\/MG_4671_1-1024x683.jpg 1024w, https:\/\/www.joaquinlois.com\/catedral-granada\/wp-content\/uploads\/sites\/3\/2024\/02\/MG_4671_1-500x333.jpg 500w, https:\/\/www.joaquinlois.com\/catedral-granada\/wp-content\/uploads\/sites\/3\/2024\/02\/MG_4671_1-768x512.jpg 768w, https:\/\/www.joaquinlois.com\/catedral-granada\/wp-content\/uploads\/sites\/3\/2024\/02\/MG_4671_1-1536x1024.jpg 1536w, https:\/\/www.joaquinlois.com\/catedral-granada\/wp-content\/uploads\/sites\/3\/2024\/02\/MG_4671_1-2048x1365.jpg 2048w\" sizes=\"(max-width: 1024px) 100vw, 1024px\" \/><\/figure><\/li><li class=\"wp-block-jetpack-slideshow_slide swiper-slide\"><figure><img loading=\"lazy\" decoding=\"async\" width=\"1024\" height=\"683\" alt=\"\" class=\"wp-block-jetpack-slideshow_image wp-image-4077\" data-id=\"4077\" src=\"https:\/\/www.joaquinlois.com\/catedral-granada\/wp-content\/uploads\/sites\/3\/2024\/02\/MG_4692-1024x683.jpg\" srcset=\"https:\/\/www.joaquinlois.com\/catedral-granada\/wp-content\/uploads\/sites\/3\/2024\/02\/MG_4692-1024x683.jpg 1024w, https:\/\/www.joaquinlois.com\/catedral-granada\/wp-content\/uploads\/sites\/3\/2024\/02\/MG_4692-500x333.jpg 500w, https:\/\/www.joaquinlois.com\/catedral-granada\/wp-content\/uploads\/sites\/3\/2024\/02\/MG_4692-768x512.jpg 768w, https:\/\/www.joaquinlois.com\/catedral-granada\/wp-content\/uploads\/sites\/3\/2024\/02\/MG_4692-1536x1024.jpg 1536w, https:\/\/www.joaquinlois.com\/catedral-granada\/wp-content\/uploads\/sites\/3\/2024\/02\/MG_4692-2048x1365.jpg 2048w\" sizes=\"(max-width: 1024px) 100vw, 1024px\" \/><\/figure><\/li><li class=\"wp-block-jetpack-slideshow_slide swiper-slide\"><figure><img loading=\"lazy\" decoding=\"async\" width=\"1024\" height=\"683\" alt=\"\" class=\"wp-block-jetpack-slideshow_image wp-image-4075\" data-id=\"4075\" src=\"https:\/\/www.joaquinlois.com\/catedral-granada\/wp-content\/uploads\/sites\/3\/2024\/02\/MG_4684-1024x683.jpg\" srcset=\"https:\/\/www.joaquinlois.com\/catedral-granada\/wp-content\/uploads\/sites\/3\/2024\/02\/MG_4684-1024x683.jpg 1024w, https:\/\/www.joaquinlois.com\/catedral-granada\/wp-content\/uploads\/sites\/3\/2024\/02\/MG_4684-500x333.jpg 500w, https:\/\/www.joaquinlois.com\/catedral-granada\/wp-content\/uploads\/sites\/3\/2024\/02\/MG_4684-768x512.jpg 768w, https:\/\/www.joaquinlois.com\/catedral-granada\/wp-content\/uploads\/sites\/3\/2024\/02\/MG_4684-1536x1024.jpg 1536w, https:\/\/www.joaquinlois.com\/catedral-granada\/wp-content\/uploads\/sites\/3\/2024\/02\/MG_4684-2048x1365.jpg 2048w\" sizes=\"(max-width: 1024px) 100vw, 1024px\" \/><\/figure><\/li><li class=\"wp-block-jetpack-slideshow_slide swiper-slide\"><figure><img loading=\"lazy\" decoding=\"async\" width=\"1024\" height=\"683\" alt=\"\" class=\"wp-block-jetpack-slideshow_image wp-image-4078\" data-id=\"4078\" src=\"https:\/\/www.joaquinlois.com\/catedral-granada\/wp-content\/uploads\/sites\/3\/2024\/02\/MG_4693-1024x683.jpg\" srcset=\"https:\/\/www.joaquinlois.com\/catedral-granada\/wp-content\/uploads\/sites\/3\/2024\/02\/MG_4693-1024x683.jpg 1024w, https:\/\/www.joaquinlois.com\/catedral-granada\/wp-content\/uploads\/sites\/3\/2024\/02\/MG_4693-500x333.jpg 500w, https:\/\/www.joaquinlois.com\/catedral-granada\/wp-content\/uploads\/sites\/3\/2024\/02\/MG_4693-768x512.jpg 768w, https:\/\/www.joaquinlois.com\/catedral-granada\/wp-content\/uploads\/sites\/3\/2024\/02\/MG_4693-1536x1024.jpg 1536w, https:\/\/www.joaquinlois.com\/catedral-granada\/wp-content\/uploads\/sites\/3\/2024\/02\/MG_4693-2048x1365.jpg 2048w\" sizes=\"(max-width: 1024px) 100vw, 1024px\" \/><\/figure><\/li><li class=\"wp-block-jetpack-slideshow_slide swiper-slide\"><figure><img loading=\"lazy\" decoding=\"async\" width=\"1024\" height=\"683\" alt=\"\" class=\"wp-block-jetpack-slideshow_image wp-image-4081\" data-id=\"4081\" src=\"https:\/\/www.joaquinlois.com\/catedral-granada\/wp-content\/uploads\/sites\/3\/2024\/02\/MG_4745-1024x683.jpg\" srcset=\"https:\/\/www.joaquinlois.com\/catedral-granada\/wp-content\/uploads\/sites\/3\/2024\/02\/MG_4745-1024x683.jpg 1024w, https:\/\/www.joaquinlois.com\/catedral-granada\/wp-content\/uploads\/sites\/3\/2024\/02\/MG_4745-500x333.jpg 500w, https:\/\/www.joaquinlois.com\/catedral-granada\/wp-content\/uploads\/sites\/3\/2024\/02\/MG_4745-768x512.jpg 768w, https:\/\/www.joaquinlois.com\/catedral-granada\/wp-content\/uploads\/sites\/3\/2024\/02\/MG_4745-1536x1024.jpg 1536w, https:\/\/www.joaquinlois.com\/catedral-granada\/wp-content\/uploads\/sites\/3\/2024\/02\/MG_4745-2048x1365.jpg 2048w\" sizes=\"(max-width: 1024px) 100vw, 1024px\" \/><\/figure><\/li><li class=\"wp-block-jetpack-slideshow_slide swiper-slide\"><figure><img loading=\"lazy\" decoding=\"async\" width=\"1024\" height=\"683\" alt=\"\" class=\"wp-block-jetpack-slideshow_image wp-image-4082\" data-id=\"4082\" src=\"https:\/\/www.joaquinlois.com\/catedral-granada\/wp-content\/uploads\/sites\/3\/2024\/02\/MG_4746-1024x683.jpg\" srcset=\"https:\/\/www.joaquinlois.com\/catedral-granada\/wp-content\/uploads\/sites\/3\/2024\/02\/MG_4746-1024x683.jpg 1024w, https:\/\/www.joaquinlois.com\/catedral-granada\/wp-content\/uploads\/sites\/3\/2024\/02\/MG_4746-500x333.jpg 500w, https:\/\/www.joaquinlois.com\/catedral-granada\/wp-content\/uploads\/sites\/3\/2024\/02\/MG_4746-768x512.jpg 768w, https:\/\/www.joaquinlois.com\/catedral-granada\/wp-content\/uploads\/sites\/3\/2024\/02\/MG_4746-1536x1024.jpg 1536w, https:\/\/www.joaquinlois.com\/catedral-granada\/wp-content\/uploads\/sites\/3\/2024\/02\/MG_4746-2048x1365.jpg 2048w\" sizes=\"(max-width: 1024px) 100vw, 1024px\" \/><\/figure><\/li><li class=\"wp-block-jetpack-slideshow_slide swiper-slide\"><figure><img loading=\"lazy\" decoding=\"async\" width=\"1024\" height=\"683\" alt=\"\" class=\"wp-block-jetpack-slideshow_image wp-image-4083\" data-id=\"4083\" src=\"https:\/\/www.joaquinlois.com\/catedral-granada\/wp-content\/uploads\/sites\/3\/2024\/02\/MG_4751-1024x683.jpg\" srcset=\"https:\/\/www.joaquinlois.com\/catedral-granada\/wp-content\/uploads\/sites\/3\/2024\/02\/MG_4751-1024x683.jpg 1024w, https:\/\/www.joaquinlois.com\/catedral-granada\/wp-content\/uploads\/sites\/3\/2024\/02\/MG_4751-500x333.jpg 500w, https:\/\/www.joaquinlois.com\/catedral-granada\/wp-content\/uploads\/sites\/3\/2024\/02\/MG_4751-768x512.jpg 768w, https:\/\/www.joaquinlois.com\/catedral-granada\/wp-content\/uploads\/sites\/3\/2024\/02\/MG_4751-1536x1024.jpg 1536w, https:\/\/www.joaquinlois.com\/catedral-granada\/wp-content\/uploads\/sites\/3\/2024\/02\/MG_4751-2048x1365.jpg 2048w\" sizes=\"(max-width: 1024px) 100vw, 1024px\" \/><\/figure><\/li><li class=\"wp-block-jetpack-slideshow_slide swiper-slide\"><figure><img loading=\"lazy\" decoding=\"async\" width=\"1024\" height=\"683\" alt=\"\" class=\"wp-block-jetpack-slideshow_image wp-image-4080\" data-id=\"4080\" src=\"https:\/\/www.joaquinlois.com\/catedral-granada\/wp-content\/uploads\/sites\/3\/2024\/02\/MG_4698-1024x683.jpg\" srcset=\"https:\/\/www.joaquinlois.com\/catedral-granada\/wp-content\/uploads\/sites\/3\/2024\/02\/MG_4698-1024x683.jpg 1024w, https:\/\/www.joaquinlois.com\/catedral-granada\/wp-content\/uploads\/sites\/3\/2024\/02\/MG_4698-500x333.jpg 500w, https:\/\/www.joaquinlois.com\/catedral-granada\/wp-content\/uploads\/sites\/3\/2024\/02\/MG_4698-768x512.jpg 768w, https:\/\/www.joaquinlois.com\/catedral-granada\/wp-content\/uploads\/sites\/3\/2024\/02\/MG_4698-1536x1024.jpg 1536w, https:\/\/www.joaquinlois.com\/catedral-granada\/wp-content\/uploads\/sites\/3\/2024\/02\/MG_4698-2048x1365.jpg 2048w\" sizes=\"(max-width: 1024px) 100vw, 1024px\" \/><\/figure><\/li><li class=\"wp-block-jetpack-slideshow_slide swiper-slide\"><figure><img loading=\"lazy\" decoding=\"async\" width=\"1024\" height=\"683\" alt=\"\" class=\"wp-block-jetpack-slideshow_image wp-image-4057\" data-id=\"4057\" src=\"https:\/\/www.joaquinlois.com\/catedral-granada\/wp-content\/uploads\/sites\/3\/2024\/02\/MG_4816-1024x683.jpg\" srcset=\"https:\/\/www.joaquinlois.com\/catedral-granada\/wp-content\/uploads\/sites\/3\/2024\/02\/MG_4816-1024x683.jpg 1024w, https:\/\/www.joaquinlois.com\/catedral-granada\/wp-content\/uploads\/sites\/3\/2024\/02\/MG_4816-500x333.jpg 500w, https:\/\/www.joaquinlois.com\/catedral-granada\/wp-content\/uploads\/sites\/3\/2024\/02\/MG_4816-768x512.jpg 768w, https:\/\/www.joaquinlois.com\/catedral-granada\/wp-content\/uploads\/sites\/3\/2024\/02\/MG_4816-1536x1024.jpg 1536w, https:\/\/www.joaquinlois.com\/catedral-granada\/wp-content\/uploads\/sites\/3\/2024\/02\/MG_4816-2048x1365.jpg 2048w\" sizes=\"(max-width: 1024px) 100vw, 1024px\" \/><\/figure><\/li><li class=\"wp-block-jetpack-slideshow_slide swiper-slide\"><figure><img loading=\"lazy\" decoding=\"async\" width=\"1024\" height=\"683\" alt=\"\" class=\"wp-block-jetpack-slideshow_image wp-image-4056\" data-id=\"4056\" src=\"https:\/\/www.joaquinlois.com\/catedral-granada\/wp-content\/uploads\/sites\/3\/2024\/02\/MG_4810-1024x683.jpg\" srcset=\"https:\/\/www.joaquinlois.com\/catedral-granada\/wp-content\/uploads\/sites\/3\/2024\/02\/MG_4810-1024x683.jpg 1024w, https:\/\/www.joaquinlois.com\/catedral-granada\/wp-content\/uploads\/sites\/3\/2024\/02\/MG_4810-500x333.jpg 500w, https:\/\/www.joaquinlois.com\/catedral-granada\/wp-content\/uploads\/sites\/3\/2024\/02\/MG_4810-768x512.jpg 768w, https:\/\/www.joaquinlois.com\/catedral-granada\/wp-content\/uploads\/sites\/3\/2024\/02\/MG_4810-1536x1024.jpg 1536w, https:\/\/www.joaquinlois.com\/catedral-granada\/wp-content\/uploads\/sites\/3\/2024\/02\/MG_4810-2048x1365.jpg 2048w\" sizes=\"(max-width: 1024px) 100vw, 1024px\" \/><\/figure><\/li><li class=\"wp-block-jetpack-slideshow_slide swiper-slide\"><figure><img loading=\"lazy\" decoding=\"async\" width=\"1024\" height=\"683\" alt=\"\" class=\"wp-block-jetpack-slideshow_image wp-image-4055\" data-id=\"4055\" src=\"https:\/\/www.joaquinlois.com\/catedral-granada\/wp-content\/uploads\/sites\/3\/2024\/02\/MG_4808-1024x683.jpg\" srcset=\"https:\/\/www.joaquinlois.com\/catedral-granada\/wp-content\/uploads\/sites\/3\/2024\/02\/MG_4808-1024x683.jpg 1024w, https:\/\/www.joaquinlois.com\/catedral-granada\/wp-content\/uploads\/sites\/3\/2024\/02\/MG_4808-500x333.jpg 500w, https:\/\/www.joaquinlois.com\/catedral-granada\/wp-content\/uploads\/sites\/3\/2024\/02\/MG_4808-768x512.jpg 768w, https:\/\/www.joaquinlois.com\/catedral-granada\/wp-content\/uploads\/sites\/3\/2024\/02\/MG_4808-1536x1024.jpg 1536w, https:\/\/www.joaquinlois.com\/catedral-granada\/wp-content\/uploads\/sites\/3\/2024\/02\/MG_4808-2048x1365.jpg 2048w\" sizes=\"(max-width: 1024px) 100vw, 1024px\" \/><\/figure><\/li><li class=\"wp-block-jetpack-slideshow_slide swiper-slide\"><figure><img loading=\"lazy\" decoding=\"async\" width=\"1024\" height=\"683\" alt=\"\" class=\"wp-block-jetpack-slideshow_image wp-image-4054\" data-id=\"4054\" src=\"https:\/\/www.joaquinlois.com\/catedral-granada\/wp-content\/uploads\/sites\/3\/2024\/02\/MG_4780-1024x683.jpg\" srcset=\"https:\/\/www.joaquinlois.com\/catedral-granada\/wp-content\/uploads\/sites\/3\/2024\/02\/MG_4780-1024x683.jpg 1024w, https:\/\/www.joaquinlois.com\/catedral-granada\/wp-content\/uploads\/sites\/3\/2024\/02\/MG_4780-500x333.jpg 500w, https:\/\/www.joaquinlois.com\/catedral-granada\/wp-content\/uploads\/sites\/3\/2024\/02\/MG_4780-768x512.jpg 768w, https:\/\/www.joaquinlois.com\/catedral-granada\/wp-content\/uploads\/sites\/3\/2024\/02\/MG_4780-1536x1024.jpg 1536w, https:\/\/www.joaquinlois.com\/catedral-granada\/wp-content\/uploads\/sites\/3\/2024\/02\/MG_4780-2048x1365.jpg 2048w\" sizes=\"(max-width: 1024px) 100vw, 1024px\" \/><\/figure><\/li><li class=\"wp-block-jetpack-slideshow_slide swiper-slide\"><figure><img loading=\"lazy\" decoding=\"async\" width=\"1024\" height=\"683\" alt=\"\" class=\"wp-block-jetpack-slideshow_image wp-image-4061\" data-id=\"4061\" src=\"https:\/\/www.joaquinlois.com\/catedral-granada\/wp-content\/uploads\/sites\/3\/2024\/02\/MG_4870-1024x683.jpg\" srcset=\"https:\/\/www.joaquinlois.com\/catedral-granada\/wp-content\/uploads\/sites\/3\/2024\/02\/MG_4870-1024x683.jpg 1024w, https:\/\/www.joaquinlois.com\/catedral-granada\/wp-content\/uploads\/sites\/3\/2024\/02\/MG_4870-500x333.jpg 500w, https:\/\/www.joaquinlois.com\/catedral-granada\/wp-content\/uploads\/sites\/3\/2024\/02\/MG_4870-768x512.jpg 768w, https:\/\/www.joaquinlois.com\/catedral-granada\/wp-content\/uploads\/sites\/3\/2024\/02\/MG_4870-1536x1024.jpg 1536w, https:\/\/www.joaquinlois.com\/catedral-granada\/wp-content\/uploads\/sites\/3\/2024\/02\/MG_4870-2048x1365.jpg 2048w\" sizes=\"(max-width: 1024px) 100vw, 1024px\" \/><\/figure><\/li><li class=\"wp-block-jetpack-slideshow_slide swiper-slide\"><figure><img loading=\"lazy\" decoding=\"async\" width=\"1024\" height=\"683\" alt=\"\" class=\"wp-block-jetpack-slideshow_image wp-image-4060\" data-id=\"4060\" src=\"https:\/\/www.joaquinlois.com\/catedral-granada\/wp-content\/uploads\/sites\/3\/2024\/02\/MG_4866-1024x683.jpg\" srcset=\"https:\/\/www.joaquinlois.com\/catedral-granada\/wp-content\/uploads\/sites\/3\/2024\/02\/MG_4866-1024x683.jpg 1024w, https:\/\/www.joaquinlois.com\/catedral-granada\/wp-content\/uploads\/sites\/3\/2024\/02\/MG_4866-500x333.jpg 500w, https:\/\/www.joaquinlois.com\/catedral-granada\/wp-content\/uploads\/sites\/3\/2024\/02\/MG_4866-768x512.jpg 768w, https:\/\/www.joaquinlois.com\/catedral-granada\/wp-content\/uploads\/sites\/3\/2024\/02\/MG_4866-1536x1024.jpg 1536w, https:\/\/www.joaquinlois.com\/catedral-granada\/wp-content\/uploads\/sites\/3\/2024\/02\/MG_4866-2048x1365.jpg 2048w\" sizes=\"(max-width: 1024px) 100vw, 1024px\" \/><\/figure><\/li><li class=\"wp-block-jetpack-slideshow_slide swiper-slide\"><figure><img loading=\"lazy\" decoding=\"async\" width=\"1024\" height=\"683\" alt=\"\" class=\"wp-block-jetpack-slideshow_image wp-image-4108\" data-id=\"4108\" src=\"https:\/\/www.joaquinlois.com\/catedral-granada\/wp-content\/uploads\/sites\/3\/2024\/02\/MG_7043-1024x683.jpg\" srcset=\"https:\/\/www.joaquinlois.com\/catedral-granada\/wp-content\/uploads\/sites\/3\/2024\/02\/MG_7043-1024x683.jpg 1024w, https:\/\/www.joaquinlois.com\/catedral-granada\/wp-content\/uploads\/sites\/3\/2024\/02\/MG_7043-500x333.jpg 500w, https:\/\/www.joaquinlois.com\/catedral-granada\/wp-content\/uploads\/sites\/3\/2024\/02\/MG_7043-768x512.jpg 768w, https:\/\/www.joaquinlois.com\/catedral-granada\/wp-content\/uploads\/sites\/3\/2024\/02\/MG_7043-1536x1024.jpg 1536w, https:\/\/www.joaquinlois.com\/catedral-granada\/wp-content\/uploads\/sites\/3\/2024\/02\/MG_7043-2048x1365.jpg 2048w\" sizes=\"(max-width: 1024px) 100vw, 1024px\" \/><\/figure><\/li><\/ul><a class=\"wp-block-jetpack-slideshow_button-prev swiper-button-prev swiper-button-white\" role=\"button\"><\/a><a class=\"wp-block-jetpack-slideshow_button-next swiper-button-next swiper-button-white\" role=\"button\"><\/a><a aria-label=\"Pause Slideshow\" class=\"wp-block-jetpack-slideshow_button-pause\" role=\"button\"><\/a><div class=\"wp-block-jetpack-slideshow_pagination swiper-pagination swiper-pagination-white\"><\/div><\/div><\/div>\n\n\n\n<h2 class=\"wp-block-heading\">Se han restaurado las m\u00e1s m\u00e1scaras y reconstruido las que faltaban<\/h2>\n\n\n\n<div data-carousel-extra='{&quot;blog_id&quot;:3,&quot;permalink&quot;:&quot;https:\/\/www.joaquinlois.com\/catedral-granada\/restauracion-del-flautado-de-26\/&quot;}' id='gallery-2' class='gallery galleryid-4022 gallery-columns-3 gallery-size-thumbnail'><figure class='gallery-item'>\n\t\t\t<div class='gallery-icon landscape'>\n\t\t\t\t<a href='https:\/\/www.joaquinlois.com\/catedral-granada\/restauracion-del-flautado-de-26\/_mg_9174\/'><img loading=\"lazy\" decoding=\"async\" width=\"300\" height=\"300\" src=\"https:\/\/www.joaquinlois.com\/catedral-granada\/wp-content\/uploads\/sites\/3\/2024\/02\/MG_9174-300x300.jpg\" class=\"attachment-thumbnail size-thumbnail\" alt=\"\" srcset=\"https:\/\/www.joaquinlois.com\/catedral-granada\/wp-content\/uploads\/sites\/3\/2024\/02\/MG_9174-300x300.jpg 300w, https:\/\/www.joaquinlois.com\/catedral-granada\/wp-content\/uploads\/sites\/3\/2024\/02\/MG_9174-400x400.jpg 400w\" sizes=\"auto, (max-width: 300px) 100vw, 300px\" data-attachment-id=\"4047\" data-permalink=\"https:\/\/www.joaquinlois.com\/catedral-granada\/restauracion-del-flautado-de-26\/_mg_9174\/\" data-orig-file=\"https:\/\/www.joaquinlois.com\/catedral-granada\/wp-content\/uploads\/sites\/3\/2024\/02\/MG_9174.jpg\" data-orig-size=\"2400,1600\" data-comments-opened=\"0\" data-image-meta=\"{&quot;aperture&quot;:&quot;8&quot;,&quot;credit&quot;:&quot;Juan Lois Bocos&quot;,&quot;camera&quot;:&quot;Canon EOS 80D&quot;,&quot;caption&quot;:&quot;&quot;,&quot;created_timestamp&quot;:&quot;1694695502&quot;,&quot;copyright&quot;:&quot;www.jloisbocos.com&quot;,&quot;focal_length&quot;:&quot;30&quot;,&quot;iso&quot;:&quot;200&quot;,&quot;shutter_speed&quot;:&quot;0.5&quot;,&quot;title&quot;:&quot;&quot;,&quot;orientation&quot;:&quot;1&quot;,&quot;lens&quot;:&quot;17-50mm&quot;}\" data-image-title=\"_MG_9174\" data-image-description=\"\" data-image-caption=\"\" data-medium-file=\"https:\/\/www.joaquinlois.com\/catedral-granada\/wp-content\/uploads\/sites\/3\/2024\/02\/MG_9174-500x333.jpg\" data-large-file=\"https:\/\/www.joaquinlois.com\/catedral-granada\/wp-content\/uploads\/sites\/3\/2024\/02\/MG_9174-1024x683.jpg\" \/><\/a>\n\t\t\t<\/div><\/figure><figure class='gallery-item'>\n\t\t\t<div class='gallery-icon landscape'>\n\t\t\t\t<a href='https:\/\/www.joaquinlois.com\/catedral-granada\/restauracion-tuberia-2\/_mg_9017\/'><img loading=\"lazy\" decoding=\"async\" width=\"300\" height=\"300\" src=\"https:\/\/www.joaquinlois.com\/catedral-granada\/wp-content\/uploads\/sites\/3\/2023\/07\/MG_9017-300x300.jpg\" class=\"attachment-thumbnail size-thumbnail\" alt=\"\" srcset=\"https:\/\/www.joaquinlois.com\/catedral-granada\/wp-content\/uploads\/sites\/3\/2023\/07\/MG_9017-300x300.jpg 300w, https:\/\/www.joaquinlois.com\/catedral-granada\/wp-content\/uploads\/sites\/3\/2023\/07\/MG_9017-400x400.jpg 400w\" sizes=\"auto, (max-width: 300px) 100vw, 300px\" data-attachment-id=\"4017\" data-permalink=\"https:\/\/www.joaquinlois.com\/catedral-granada\/restauracion-tuberia-2\/_mg_9017\/\" data-orig-file=\"https:\/\/www.joaquinlois.com\/catedral-granada\/wp-content\/uploads\/sites\/3\/2023\/07\/MG_9017.jpg\" data-orig-size=\"1200,800\" data-comments-opened=\"0\" data-image-meta=\"{&quot;aperture&quot;:&quot;0&quot;,&quot;credit&quot;:&quot;&quot;,&quot;camera&quot;:&quot;&quot;,&quot;caption&quot;:&quot;&quot;,&quot;created_timestamp&quot;:&quot;0&quot;,&quot;copyright&quot;:&quot;&quot;,&quot;focal_length&quot;:&quot;0&quot;,&quot;iso&quot;:&quot;0&quot;,&quot;shutter_speed&quot;:&quot;0&quot;,&quot;title&quot;:&quot;&quot;,&quot;orientation&quot;:&quot;0&quot;,&quot;lens&quot;:&quot;&quot;}\" data-image-title=\"_MG_9017\" data-image-description=\"\" data-image-caption=\"\" data-medium-file=\"https:\/\/www.joaquinlois.com\/catedral-granada\/wp-content\/uploads\/sites\/3\/2023\/07\/MG_9017-500x333.jpg\" data-large-file=\"https:\/\/www.joaquinlois.com\/catedral-granada\/wp-content\/uploads\/sites\/3\/2023\/07\/MG_9017-1024x683.jpg\" \/><\/a>\n\t\t\t<\/div><\/figure><figure class='gallery-item'>\n\t\t\t<div class='gallery-icon landscape'>\n\t\t\t\t<a href='https:\/\/www.joaquinlois.com\/catedral-granada\/restauracion-tuberia-2\/_mg_9026\/'><img loading=\"lazy\" decoding=\"async\" width=\"300\" height=\"300\" src=\"https:\/\/www.joaquinlois.com\/catedral-granada\/wp-content\/uploads\/sites\/3\/2023\/07\/MG_9026-300x300.jpg\" class=\"attachment-thumbnail size-thumbnail\" alt=\"\" srcset=\"https:\/\/www.joaquinlois.com\/catedral-granada\/wp-content\/uploads\/sites\/3\/2023\/07\/MG_9026-300x300.jpg 300w, https:\/\/www.joaquinlois.com\/catedral-granada\/wp-content\/uploads\/sites\/3\/2023\/07\/MG_9026-400x400.jpg 400w\" sizes=\"auto, (max-width: 300px) 100vw, 300px\" data-attachment-id=\"4016\" data-permalink=\"https:\/\/www.joaquinlois.com\/catedral-granada\/restauracion-tuberia-2\/_mg_9026\/\" data-orig-file=\"https:\/\/www.joaquinlois.com\/catedral-granada\/wp-content\/uploads\/sites\/3\/2023\/07\/MG_9026.jpg\" data-orig-size=\"1200,884\" data-comments-opened=\"0\" data-image-meta=\"{&quot;aperture&quot;:&quot;0&quot;,&quot;credit&quot;:&quot;&quot;,&quot;camera&quot;:&quot;&quot;,&quot;caption&quot;:&quot;&quot;,&quot;created_timestamp&quot;:&quot;0&quot;,&quot;copyright&quot;:&quot;&quot;,&quot;focal_length&quot;:&quot;0&quot;,&quot;iso&quot;:&quot;0&quot;,&quot;shutter_speed&quot;:&quot;0&quot;,&quot;title&quot;:&quot;&quot;,&quot;orientation&quot;:&quot;0&quot;,&quot;lens&quot;:&quot;&quot;}\" data-image-title=\"_MG_9026\" data-image-description=\"\" data-image-caption=\"\" data-medium-file=\"https:\/\/www.joaquinlois.com\/catedral-granada\/wp-content\/uploads\/sites\/3\/2023\/07\/MG_9026-500x368.jpg\" data-large-file=\"https:\/\/www.joaquinlois.com\/catedral-granada\/wp-content\/uploads\/sites\/3\/2023\/07\/MG_9026-1024x754.jpg\" \/><\/a>\n\t\t\t<\/div><\/figure><figure class='gallery-item'>\n\t\t\t<div class='gallery-icon landscape'>\n\t\t\t\t<a href='https:\/\/www.joaquinlois.com\/catedral-granada\/restauracion-del-flautado-de-26\/dsc08910\/'><img loading=\"lazy\" decoding=\"async\" width=\"300\" height=\"300\" src=\"https:\/\/www.joaquinlois.com\/catedral-granada\/wp-content\/uploads\/sites\/3\/2024\/02\/DSC08910-300x300.jpg\" class=\"attachment-thumbnail size-thumbnail\" alt=\"\" srcset=\"https:\/\/www.joaquinlois.com\/catedral-granada\/wp-content\/uploads\/sites\/3\/2024\/02\/DSC08910-300x300.jpg 300w, https:\/\/www.joaquinlois.com\/catedral-granada\/wp-content\/uploads\/sites\/3\/2024\/02\/DSC08910-400x400.jpg 400w\" sizes=\"auto, (max-width: 300px) 100vw, 300px\" data-attachment-id=\"4128\" data-permalink=\"https:\/\/www.joaquinlois.com\/catedral-granada\/restauracion-del-flautado-de-26\/dsc08910\/\" data-orig-file=\"https:\/\/www.joaquinlois.com\/catedral-granada\/wp-content\/uploads\/sites\/3\/2024\/02\/DSC08910.jpg\" data-orig-size=\"1200,675\" data-comments-opened=\"0\" data-image-meta=\"{&quot;aperture&quot;:&quot;0&quot;,&quot;credit&quot;:&quot;&quot;,&quot;camera&quot;:&quot;&quot;,&quot;caption&quot;:&quot;&quot;,&quot;created_timestamp&quot;:&quot;0&quot;,&quot;copyright&quot;:&quot;&quot;,&quot;focal_length&quot;:&quot;0&quot;,&quot;iso&quot;:&quot;0&quot;,&quot;shutter_speed&quot;:&quot;0&quot;,&quot;title&quot;:&quot;&quot;,&quot;orientation&quot;:&quot;0&quot;,&quot;lens&quot;:&quot;&quot;}\" data-image-title=\"DSC08910\" data-image-description=\"\" data-image-caption=\"\" data-medium-file=\"https:\/\/www.joaquinlois.com\/catedral-granada\/wp-content\/uploads\/sites\/3\/2024\/02\/DSC08910-500x281.jpg\" data-large-file=\"https:\/\/www.joaquinlois.com\/catedral-granada\/wp-content\/uploads\/sites\/3\/2024\/02\/DSC08910-1024x576.jpg\" \/><\/a>\n\t\t\t<\/div><\/figure><figure class='gallery-item'>\n\t\t\t<div class='gallery-icon landscape'>\n\t\t\t\t<a href='https:\/\/www.joaquinlois.com\/catedral-granada\/restauracion-del-flautado-de-26\/dsc08932\/'><img loading=\"lazy\" decoding=\"async\" width=\"300\" height=\"300\" src=\"https:\/\/www.joaquinlois.com\/catedral-granada\/wp-content\/uploads\/sites\/3\/2024\/02\/DSC08932-300x300.jpg\" class=\"attachment-thumbnail size-thumbnail\" alt=\"\" srcset=\"https:\/\/www.joaquinlois.com\/catedral-granada\/wp-content\/uploads\/sites\/3\/2024\/02\/DSC08932-300x300.jpg 300w, https:\/\/www.joaquinlois.com\/catedral-granada\/wp-content\/uploads\/sites\/3\/2024\/02\/DSC08932-400x400.jpg 400w\" sizes=\"auto, (max-width: 300px) 100vw, 300px\" data-attachment-id=\"4130\" data-permalink=\"https:\/\/www.joaquinlois.com\/catedral-granada\/restauracion-del-flautado-de-26\/dsc08932\/\" data-orig-file=\"https:\/\/www.joaquinlois.com\/catedral-granada\/wp-content\/uploads\/sites\/3\/2024\/02\/DSC08932.jpg\" data-orig-size=\"1200,675\" data-comments-opened=\"0\" data-image-meta=\"{&quot;aperture&quot;:&quot;0&quot;,&quot;credit&quot;:&quot;&quot;,&quot;camera&quot;:&quot;&quot;,&quot;caption&quot;:&quot;&quot;,&quot;created_timestamp&quot;:&quot;0&quot;,&quot;copyright&quot;:&quot;&quot;,&quot;focal_length&quot;:&quot;0&quot;,&quot;iso&quot;:&quot;0&quot;,&quot;shutter_speed&quot;:&quot;0&quot;,&quot;title&quot;:&quot;&quot;,&quot;orientation&quot;:&quot;0&quot;,&quot;lens&quot;:&quot;&quot;}\" data-image-title=\"DSC08932\" data-image-description=\"\" data-image-caption=\"\" data-medium-file=\"https:\/\/www.joaquinlois.com\/catedral-granada\/wp-content\/uploads\/sites\/3\/2024\/02\/DSC08932-500x281.jpg\" data-large-file=\"https:\/\/www.joaquinlois.com\/catedral-granada\/wp-content\/uploads\/sites\/3\/2024\/02\/DSC08932-1024x576.jpg\" \/><\/a>\n\t\t\t<\/div><\/figure><figure class='gallery-item'>\n\t\t\t<div class='gallery-icon portrait'>\n\t\t\t\t<a href='https:\/\/www.joaquinlois.com\/catedral-granada\/restauracion-del-flautado-de-26\/dsc08923_1\/'><img loading=\"lazy\" decoding=\"async\" width=\"300\" height=\"300\" src=\"https:\/\/www.joaquinlois.com\/catedral-granada\/wp-content\/uploads\/sites\/3\/2024\/02\/DSC08923_1-300x300.jpg\" class=\"attachment-thumbnail size-thumbnail\" alt=\"\" srcset=\"https:\/\/www.joaquinlois.com\/catedral-granada\/wp-content\/uploads\/sites\/3\/2024\/02\/DSC08923_1-300x300.jpg 300w, https:\/\/www.joaquinlois.com\/catedral-granada\/wp-content\/uploads\/sites\/3\/2024\/02\/DSC08923_1-400x400.jpg 400w\" sizes=\"auto, (max-width: 300px) 100vw, 300px\" data-attachment-id=\"4133\" data-permalink=\"https:\/\/www.joaquinlois.com\/catedral-granada\/restauracion-del-flautado-de-26\/dsc08923_1\/\" data-orig-file=\"https:\/\/www.joaquinlois.com\/catedral-granada\/wp-content\/uploads\/sites\/3\/2024\/02\/DSC08923_1.jpg\" data-orig-size=\"1068,1500\" data-comments-opened=\"0\" data-image-meta=\"{&quot;aperture&quot;:&quot;0&quot;,&quot;credit&quot;:&quot;&quot;,&quot;camera&quot;:&quot;&quot;,&quot;caption&quot;:&quot;&quot;,&quot;created_timestamp&quot;:&quot;0&quot;,&quot;copyright&quot;:&quot;&quot;,&quot;focal_length&quot;:&quot;0&quot;,&quot;iso&quot;:&quot;0&quot;,&quot;shutter_speed&quot;:&quot;0&quot;,&quot;title&quot;:&quot;&quot;,&quot;orientation&quot;:&quot;0&quot;,&quot;lens&quot;:&quot;&quot;}\" data-image-title=\"DSC08923_1\" data-image-description=\"\" data-image-caption=\"\" data-medium-file=\"https:\/\/www.joaquinlois.com\/catedral-granada\/wp-content\/uploads\/sites\/3\/2024\/02\/DSC08923_1-356x500.jpg\" data-large-file=\"https:\/\/www.joaquinlois.com\/catedral-granada\/wp-content\/uploads\/sites\/3\/2024\/02\/DSC08923_1-729x1024.jpg\" \/><\/a>\n\t\t\t<\/div><\/figure>\n\t\t<\/div>\n\n\n\n\n<h2 class=\"wp-block-heading\">Restauraci\u00f3n de otros tubos<\/h2>\n\n\n\n<p>Diferentes trabajos se han realizado en cada tubo para devolver su estabilidad f\u00edsica sus par\u00e1metros de diapas\u00f3n y armonizaci\u00f3n y recuperaci\u00f3n de su voz.<\/p>\n\n\n\n<div class=\"wp-block-jetpack-slideshow aligncenter is-style-rectangular\" data-autoplay=\"true\" data-delay=\"3\" data-effect=\"slide\"><div class=\"wp-block-jetpack-slideshow_container swiper-container\"><ul class=\"wp-block-jetpack-slideshow_swiper-wrapper swiper-wrapper\"><li class=\"wp-block-jetpack-slideshow_slide swiper-slide\"><figure><img loading=\"lazy\" decoding=\"async\" width=\"1024\" height=\"683\" alt=\"\" class=\"wp-block-jetpack-slideshow_image wp-image-4107\" data-id=\"4107\" src=\"https:\/\/www.joaquinlois.com\/catedral-granada\/wp-content\/uploads\/sites\/3\/2024\/02\/MG_6892-1024x683.jpg\" srcset=\"https:\/\/www.joaquinlois.com\/catedral-granada\/wp-content\/uploads\/sites\/3\/2024\/02\/MG_6892-1024x683.jpg 1024w, https:\/\/www.joaquinlois.com\/catedral-granada\/wp-content\/uploads\/sites\/3\/2024\/02\/MG_6892-500x333.jpg 500w, https:\/\/www.joaquinlois.com\/catedral-granada\/wp-content\/uploads\/sites\/3\/2024\/02\/MG_6892-768x512.jpg 768w, https:\/\/www.joaquinlois.com\/catedral-granada\/wp-content\/uploads\/sites\/3\/2024\/02\/MG_6892-1536x1024.jpg 1536w, https:\/\/www.joaquinlois.com\/catedral-granada\/wp-content\/uploads\/sites\/3\/2024\/02\/MG_6892-2048x1365.jpg 2048w\" sizes=\"(max-width: 1024px) 100vw, 1024px\" \/><\/figure><\/li><li class=\"wp-block-jetpack-slideshow_slide swiper-slide\"><figure><img loading=\"lazy\" decoding=\"async\" width=\"1024\" height=\"683\" alt=\"\" class=\"wp-block-jetpack-slideshow_image wp-image-4106\" data-id=\"4106\" src=\"https:\/\/www.joaquinlois.com\/catedral-granada\/wp-content\/uploads\/sites\/3\/2024\/02\/MG_6891-1024x683.jpg\" srcset=\"https:\/\/www.joaquinlois.com\/catedral-granada\/wp-content\/uploads\/sites\/3\/2024\/02\/MG_6891-1024x683.jpg 1024w, https:\/\/www.joaquinlois.com\/catedral-granada\/wp-content\/uploads\/sites\/3\/2024\/02\/MG_6891-500x333.jpg 500w, https:\/\/www.joaquinlois.com\/catedral-granada\/wp-content\/uploads\/sites\/3\/2024\/02\/MG_6891-768x512.jpg 768w, https:\/\/www.joaquinlois.com\/catedral-granada\/wp-content\/uploads\/sites\/3\/2024\/02\/MG_6891-1536x1024.jpg 1536w, https:\/\/www.joaquinlois.com\/catedral-granada\/wp-content\/uploads\/sites\/3\/2024\/02\/MG_6891-2048x1365.jpg 2048w\" sizes=\"(max-width: 1024px) 100vw, 1024px\" \/><\/figure><\/li><li class=\"wp-block-jetpack-slideshow_slide swiper-slide\"><figure><img loading=\"lazy\" decoding=\"async\" width=\"1024\" height=\"683\" alt=\"\" class=\"wp-block-jetpack-slideshow_image wp-image-4105\" data-id=\"4105\" src=\"https:\/\/www.joaquinlois.com\/catedral-granada\/wp-content\/uploads\/sites\/3\/2024\/02\/MG_6887-1024x683.jpg\" srcset=\"https:\/\/www.joaquinlois.com\/catedral-granada\/wp-content\/uploads\/sites\/3\/2024\/02\/MG_6887-1024x683.jpg 1024w, https:\/\/www.joaquinlois.com\/catedral-granada\/wp-content\/uploads\/sites\/3\/2024\/02\/MG_6887-500x333.jpg 500w, https:\/\/www.joaquinlois.com\/catedral-granada\/wp-content\/uploads\/sites\/3\/2024\/02\/MG_6887-768x512.jpg 768w, https:\/\/www.joaquinlois.com\/catedral-granada\/wp-content\/uploads\/sites\/3\/2024\/02\/MG_6887-1536x1024.jpg 1536w, https:\/\/www.joaquinlois.com\/catedral-granada\/wp-content\/uploads\/sites\/3\/2024\/02\/MG_6887-2048x1365.jpg 2048w\" sizes=\"(max-width: 1024px) 100vw, 1024px\" \/><\/figure><\/li><li class=\"wp-block-jetpack-slideshow_slide swiper-slide\"><figure><img loading=\"lazy\" decoding=\"async\" width=\"1024\" height=\"683\" alt=\"\" class=\"wp-block-jetpack-slideshow_image wp-image-4104\" data-id=\"4104\" src=\"https:\/\/www.joaquinlois.com\/catedral-granada\/wp-content\/uploads\/sites\/3\/2024\/02\/MG_6866-1024x683.jpg\" srcset=\"https:\/\/www.joaquinlois.com\/catedral-granada\/wp-content\/uploads\/sites\/3\/2024\/02\/MG_6866-1024x683.jpg 1024w, https:\/\/www.joaquinlois.com\/catedral-granada\/wp-content\/uploads\/sites\/3\/2024\/02\/MG_6866-500x333.jpg 500w, https:\/\/www.joaquinlois.com\/catedral-granada\/wp-content\/uploads\/sites\/3\/2024\/02\/MG_6866-768x512.jpg 768w, https:\/\/www.joaquinlois.com\/catedral-granada\/wp-content\/uploads\/sites\/3\/2024\/02\/MG_6866-1536x1024.jpg 1536w, https:\/\/www.joaquinlois.com\/catedral-granada\/wp-content\/uploads\/sites\/3\/2024\/02\/MG_6866-2048x1365.jpg 2048w\" sizes=\"(max-width: 1024px) 100vw, 1024px\" \/><\/figure><\/li><li class=\"wp-block-jetpack-slideshow_slide swiper-slide\"><figure><img loading=\"lazy\" decoding=\"async\" width=\"1024\" height=\"683\" alt=\"\" class=\"wp-block-jetpack-slideshow_image wp-image-4103\" data-id=\"4103\" src=\"https:\/\/www.joaquinlois.com\/catedral-granada\/wp-content\/uploads\/sites\/3\/2024\/02\/MG_6865-1024x683.jpg\" srcset=\"https:\/\/www.joaquinlois.com\/catedral-granada\/wp-content\/uploads\/sites\/3\/2024\/02\/MG_6865-1024x683.jpg 1024w, https:\/\/www.joaquinlois.com\/catedral-granada\/wp-content\/uploads\/sites\/3\/2024\/02\/MG_6865-500x333.jpg 500w, https:\/\/www.joaquinlois.com\/catedral-granada\/wp-content\/uploads\/sites\/3\/2024\/02\/MG_6865-768x512.jpg 768w, https:\/\/www.joaquinlois.com\/catedral-granada\/wp-content\/uploads\/sites\/3\/2024\/02\/MG_6865-1536x1024.jpg 1536w, https:\/\/www.joaquinlois.com\/catedral-granada\/wp-content\/uploads\/sites\/3\/2024\/02\/MG_6865-2048x1365.jpg 2048w\" sizes=\"(max-width: 1024px) 100vw, 1024px\" \/><\/figure><\/li><li class=\"wp-block-jetpack-slideshow_slide swiper-slide\"><figure><img loading=\"lazy\" decoding=\"async\" width=\"1024\" height=\"683\" alt=\"\" class=\"wp-block-jetpack-slideshow_image wp-image-4102\" data-id=\"4102\" src=\"https:\/\/www.joaquinlois.com\/catedral-granada\/wp-content\/uploads\/sites\/3\/2024\/02\/DSC07792-1024x683.jpg\" srcset=\"https:\/\/www.joaquinlois.com\/catedral-granada\/wp-content\/uploads\/sites\/3\/2024\/02\/DSC07792-1024x683.jpg 1024w, https:\/\/www.joaquinlois.com\/catedral-granada\/wp-content\/uploads\/sites\/3\/2024\/02\/DSC07792-500x333.jpg 500w, https:\/\/www.joaquinlois.com\/catedral-granada\/wp-content\/uploads\/sites\/3\/2024\/02\/DSC07792-768x512.jpg 768w, https:\/\/www.joaquinlois.com\/catedral-granada\/wp-content\/uploads\/sites\/3\/2024\/02\/DSC07792-1536x1024.jpg 1536w, https:\/\/www.joaquinlois.com\/catedral-granada\/wp-content\/uploads\/sites\/3\/2024\/02\/DSC07792-2048x1365.jpg 2048w\" sizes=\"(max-width: 1024px) 100vw, 1024px\" \/><\/figure><\/li><li class=\"wp-block-jetpack-slideshow_slide swiper-slide\"><figure><img loading=\"lazy\" decoding=\"async\" width=\"1024\" height=\"683\" alt=\"\" class=\"wp-block-jetpack-slideshow_image wp-image-4100\" data-id=\"4100\" src=\"https:\/\/www.joaquinlois.com\/catedral-granada\/wp-content\/uploads\/sites\/3\/2024\/02\/DSC07786-1024x683.jpg\" srcset=\"https:\/\/www.joaquinlois.com\/catedral-granada\/wp-content\/uploads\/sites\/3\/2024\/02\/DSC07786-1024x683.jpg 1024w, https:\/\/www.joaquinlois.com\/catedral-granada\/wp-content\/uploads\/sites\/3\/2024\/02\/DSC07786-500x333.jpg 500w, https:\/\/www.joaquinlois.com\/catedral-granada\/wp-content\/uploads\/sites\/3\/2024\/02\/DSC07786-768x512.jpg 768w, https:\/\/www.joaquinlois.com\/catedral-granada\/wp-content\/uploads\/sites\/3\/2024\/02\/DSC07786-1536x1024.jpg 1536w, https:\/\/www.joaquinlois.com\/catedral-granada\/wp-content\/uploads\/sites\/3\/2024\/02\/DSC07786-2048x1365.jpg 2048w\" sizes=\"(max-width: 1024px) 100vw, 1024px\" \/><\/figure><\/li><li class=\"wp-block-jetpack-slideshow_slide swiper-slide\"><figure><img loading=\"lazy\" decoding=\"async\" width=\"1024\" height=\"683\" alt=\"\" class=\"wp-block-jetpack-slideshow_image wp-image-4101\" data-id=\"4101\" src=\"https:\/\/www.joaquinlois.com\/catedral-granada\/wp-content\/uploads\/sites\/3\/2024\/02\/DSC07788-1-1024x683.jpg\" srcset=\"https:\/\/www.joaquinlois.com\/catedral-granada\/wp-content\/uploads\/sites\/3\/2024\/02\/DSC07788-1-1024x683.jpg 1024w, https:\/\/www.joaquinlois.com\/catedral-granada\/wp-content\/uploads\/sites\/3\/2024\/02\/DSC07788-1-500x333.jpg 500w, https:\/\/www.joaquinlois.com\/catedral-granada\/wp-content\/uploads\/sites\/3\/2024\/02\/DSC07788-1-768x512.jpg 768w, https:\/\/www.joaquinlois.com\/catedral-granada\/wp-content\/uploads\/sites\/3\/2024\/02\/DSC07788-1-1536x1024.jpg 1536w, https:\/\/www.joaquinlois.com\/catedral-granada\/wp-content\/uploads\/sites\/3\/2024\/02\/DSC07788-1-2048x1366.jpg 2048w\" sizes=\"(max-width: 1024px) 100vw, 1024px\" \/><\/figure><\/li><li class=\"wp-block-jetpack-slideshow_slide swiper-slide\"><figure><img loading=\"lazy\" decoding=\"async\" width=\"1024\" height=\"683\" alt=\"\" class=\"wp-block-jetpack-slideshow_image wp-image-4099\" data-id=\"4099\" src=\"https:\/\/www.joaquinlois.com\/catedral-granada\/wp-content\/uploads\/sites\/3\/2024\/02\/DSC07782-1-1024x683.jpg\" srcset=\"https:\/\/www.joaquinlois.com\/catedral-granada\/wp-content\/uploads\/sites\/3\/2024\/02\/DSC07782-1-1024x683.jpg 1024w, https:\/\/www.joaquinlois.com\/catedral-granada\/wp-content\/uploads\/sites\/3\/2024\/02\/DSC07782-1-500x333.jpg 500w, https:\/\/www.joaquinlois.com\/catedral-granada\/wp-content\/uploads\/sites\/3\/2024\/02\/DSC07782-1-768x512.jpg 768w, https:\/\/www.joaquinlois.com\/catedral-granada\/wp-content\/uploads\/sites\/3\/2024\/02\/DSC07782-1-1536x1024.jpg 1536w, https:\/\/www.joaquinlois.com\/catedral-granada\/wp-content\/uploads\/sites\/3\/2024\/02\/DSC07782-1-2048x1366.jpg 2048w\" sizes=\"(max-width: 1024px) 100vw, 1024px\" \/><\/figure><\/li><li class=\"wp-block-jetpack-slideshow_slide swiper-slide\"><figure><img loading=\"lazy\" decoding=\"async\" width=\"1024\" height=\"683\" alt=\"\" class=\"wp-block-jetpack-slideshow_image wp-image-4098\" data-id=\"4098\" src=\"https:\/\/www.joaquinlois.com\/catedral-granada\/wp-content\/uploads\/sites\/3\/2024\/02\/DSC07779-1-1024x683.jpg\" srcset=\"https:\/\/www.joaquinlois.com\/catedral-granada\/wp-content\/uploads\/sites\/3\/2024\/02\/DSC07779-1-1024x683.jpg 1024w, https:\/\/www.joaquinlois.com\/catedral-granada\/wp-content\/uploads\/sites\/3\/2024\/02\/DSC07779-1-500x333.jpg 500w, https:\/\/www.joaquinlois.com\/catedral-granada\/wp-content\/uploads\/sites\/3\/2024\/02\/DSC07779-1-768x512.jpg 768w, https:\/\/www.joaquinlois.com\/catedral-granada\/wp-content\/uploads\/sites\/3\/2024\/02\/DSC07779-1-1536x1024.jpg 1536w, https:\/\/www.joaquinlois.com\/catedral-granada\/wp-content\/uploads\/sites\/3\/2024\/02\/DSC07779-1-2048x1366.jpg 2048w\" sizes=\"(max-width: 1024px) 100vw, 1024px\" \/><\/figure><\/li><li class=\"wp-block-jetpack-slideshow_slide swiper-slide\"><figure><img loading=\"lazy\" decoding=\"async\" width=\"1024\" height=\"683\" alt=\"\" class=\"wp-block-jetpack-slideshow_image wp-image-4097\" data-id=\"4097\" src=\"https:\/\/www.joaquinlois.com\/catedral-granada\/wp-content\/uploads\/sites\/3\/2024\/02\/DSC07778-1-1024x683.jpg\" srcset=\"https:\/\/www.joaquinlois.com\/catedral-granada\/wp-content\/uploads\/sites\/3\/2024\/02\/DSC07778-1-1024x683.jpg 1024w, https:\/\/www.joaquinlois.com\/catedral-granada\/wp-content\/uploads\/sites\/3\/2024\/02\/DSC07778-1-500x333.jpg 500w, https:\/\/www.joaquinlois.com\/catedral-granada\/wp-content\/uploads\/sites\/3\/2024\/02\/DSC07778-1-768x512.jpg 768w, https:\/\/www.joaquinlois.com\/catedral-granada\/wp-content\/uploads\/sites\/3\/2024\/02\/DSC07778-1-1536x1024.jpg 1536w, https:\/\/www.joaquinlois.com\/catedral-granada\/wp-content\/uploads\/sites\/3\/2024\/02\/DSC07778-1-2048x1366.jpg 2048w\" sizes=\"(max-width: 1024px) 100vw, 1024px\" \/><\/figure><\/li><li class=\"wp-block-jetpack-slideshow_slide swiper-slide\"><figure><img loading=\"lazy\" decoding=\"async\" width=\"1024\" height=\"683\" alt=\"\" class=\"wp-block-jetpack-slideshow_image wp-image-4096\" data-id=\"4096\" src=\"https:\/\/www.joaquinlois.com\/catedral-granada\/wp-content\/uploads\/sites\/3\/2024\/02\/DSC07774-1024x683.jpg\" srcset=\"https:\/\/www.joaquinlois.com\/catedral-granada\/wp-content\/uploads\/sites\/3\/2024\/02\/DSC07774-1024x683.jpg 1024w, https:\/\/www.joaquinlois.com\/catedral-granada\/wp-content\/uploads\/sites\/3\/2024\/02\/DSC07774-500x333.jpg 500w, https:\/\/www.joaquinlois.com\/catedral-granada\/wp-content\/uploads\/sites\/3\/2024\/02\/DSC07774-768x512.jpg 768w, https:\/\/www.joaquinlois.com\/catedral-granada\/wp-content\/uploads\/sites\/3\/2024\/02\/DSC07774-1536x1024.jpg 1536w, https:\/\/www.joaquinlois.com\/catedral-granada\/wp-content\/uploads\/sites\/3\/2024\/02\/DSC07774-2048x1365.jpg 2048w\" sizes=\"(max-width: 1024px) 100vw, 1024px\" \/><\/figure><\/li><li class=\"wp-block-jetpack-slideshow_slide swiper-slide\"><figure><img loading=\"lazy\" decoding=\"async\" width=\"1024\" height=\"683\" alt=\"\" class=\"wp-block-jetpack-slideshow_image wp-image-4095\" data-id=\"4095\" src=\"https:\/\/www.joaquinlois.com\/catedral-granada\/wp-content\/uploads\/sites\/3\/2024\/02\/DSC07773-1024x683.jpg\" srcset=\"https:\/\/www.joaquinlois.com\/catedral-granada\/wp-content\/uploads\/sites\/3\/2024\/02\/DSC07773-1024x683.jpg 1024w, https:\/\/www.joaquinlois.com\/catedral-granada\/wp-content\/uploads\/sites\/3\/2024\/02\/DSC07773-500x333.jpg 500w, https:\/\/www.joaquinlois.com\/catedral-granada\/wp-content\/uploads\/sites\/3\/2024\/02\/DSC07773-768x512.jpg 768w, https:\/\/www.joaquinlois.com\/catedral-granada\/wp-content\/uploads\/sites\/3\/2024\/02\/DSC07773-1536x1024.jpg 1536w, https:\/\/www.joaquinlois.com\/catedral-granada\/wp-content\/uploads\/sites\/3\/2024\/02\/DSC07773-2048x1365.jpg 2048w\" sizes=\"(max-width: 1024px) 100vw, 1024px\" \/><\/figure><\/li><li class=\"wp-block-jetpack-slideshow_slide swiper-slide\"><figure><img loading=\"lazy\" decoding=\"async\" width=\"1024\" height=\"683\" alt=\"\" class=\"wp-block-jetpack-slideshow_image wp-image-4093\" data-id=\"4093\" src=\"https:\/\/www.joaquinlois.com\/catedral-granada\/wp-content\/uploads\/sites\/3\/2024\/02\/DSC07739-1024x683.jpg\" srcset=\"https:\/\/www.joaquinlois.com\/catedral-granada\/wp-content\/uploads\/sites\/3\/2024\/02\/DSC07739-1024x683.jpg 1024w, https:\/\/www.joaquinlois.com\/catedral-granada\/wp-content\/uploads\/sites\/3\/2024\/02\/DSC07739-500x333.jpg 500w, https:\/\/www.joaquinlois.com\/catedral-granada\/wp-content\/uploads\/sites\/3\/2024\/02\/DSC07739-768x512.jpg 768w, https:\/\/www.joaquinlois.com\/catedral-granada\/wp-content\/uploads\/sites\/3\/2024\/02\/DSC07739-1536x1024.jpg 1536w, https:\/\/www.joaquinlois.com\/catedral-granada\/wp-content\/uploads\/sites\/3\/2024\/02\/DSC07739-2048x1365.jpg 2048w\" sizes=\"(max-width: 1024px) 100vw, 1024px\" \/><\/figure><\/li><li class=\"wp-block-jetpack-slideshow_slide swiper-slide\"><figure><img loading=\"lazy\" decoding=\"async\" width=\"1024\" height=\"683\" alt=\"\" class=\"wp-block-jetpack-slideshow_image wp-image-4092\" data-id=\"4092\" src=\"https:\/\/www.joaquinlois.com\/catedral-granada\/wp-content\/uploads\/sites\/3\/2024\/02\/DSC07737-1024x683.jpg\" srcset=\"https:\/\/www.joaquinlois.com\/catedral-granada\/wp-content\/uploads\/sites\/3\/2024\/02\/DSC07737-1024x683.jpg 1024w, https:\/\/www.joaquinlois.com\/catedral-granada\/wp-content\/uploads\/sites\/3\/2024\/02\/DSC07737-500x333.jpg 500w, https:\/\/www.joaquinlois.com\/catedral-granada\/wp-content\/uploads\/sites\/3\/2024\/02\/DSC07737-768x512.jpg 768w, https:\/\/www.joaquinlois.com\/catedral-granada\/wp-content\/uploads\/sites\/3\/2024\/02\/DSC07737-1536x1024.jpg 1536w, https:\/\/www.joaquinlois.com\/catedral-granada\/wp-content\/uploads\/sites\/3\/2024\/02\/DSC07737-2048x1365.jpg 2048w\" sizes=\"(max-width: 1024px) 100vw, 1024px\" \/><\/figure><\/li><li class=\"wp-block-jetpack-slideshow_slide swiper-slide\"><figure><img loading=\"lazy\" decoding=\"async\" width=\"1024\" height=\"683\" alt=\"\" class=\"wp-block-jetpack-slideshow_image wp-image-4091\" data-id=\"4091\" src=\"https:\/\/www.joaquinlois.com\/catedral-granada\/wp-content\/uploads\/sites\/3\/2024\/02\/MG_9185-1-1024x683.jpg\" srcset=\"https:\/\/www.joaquinlois.com\/catedral-granada\/wp-content\/uploads\/sites\/3\/2024\/02\/MG_9185-1-1024x683.jpg 1024w, https:\/\/www.joaquinlois.com\/catedral-granada\/wp-content\/uploads\/sites\/3\/2024\/02\/MG_9185-1-500x333.jpg 500w, https:\/\/www.joaquinlois.com\/catedral-granada\/wp-content\/uploads\/sites\/3\/2024\/02\/MG_9185-1-768x512.jpg 768w, https:\/\/www.joaquinlois.com\/catedral-granada\/wp-content\/uploads\/sites\/3\/2024\/02\/MG_9185-1-1536x1024.jpg 1536w, https:\/\/www.joaquinlois.com\/catedral-granada\/wp-content\/uploads\/sites\/3\/2024\/02\/MG_9185-1-2048x1365.jpg 2048w\" sizes=\"(max-width: 1024px) 100vw, 1024px\" \/><\/figure><\/li><li class=\"wp-block-jetpack-slideshow_slide swiper-slide\"><figure><img loading=\"lazy\" decoding=\"async\" width=\"1024\" height=\"683\" alt=\"\" class=\"wp-block-jetpack-slideshow_image wp-image-4087\" data-id=\"4087\" src=\"https:\/\/www.joaquinlois.com\/catedral-granada\/wp-content\/uploads\/sites\/3\/2024\/02\/MG_9174-1-1024x683.jpg\" srcset=\"https:\/\/www.joaquinlois.com\/catedral-granada\/wp-content\/uploads\/sites\/3\/2024\/02\/MG_9174-1-1024x683.jpg 1024w, https:\/\/www.joaquinlois.com\/catedral-granada\/wp-content\/uploads\/sites\/3\/2024\/02\/MG_9174-1-500x333.jpg 500w, https:\/\/www.joaquinlois.com\/catedral-granada\/wp-content\/uploads\/sites\/3\/2024\/02\/MG_9174-1-768x512.jpg 768w, https:\/\/www.joaquinlois.com\/catedral-granada\/wp-content\/uploads\/sites\/3\/2024\/02\/MG_9174-1-1536x1024.jpg 1536w, https:\/\/www.joaquinlois.com\/catedral-granada\/wp-content\/uploads\/sites\/3\/2024\/02\/MG_9174-1-2048x1365.jpg 2048w\" sizes=\"(max-width: 1024px) 100vw, 1024px\" \/><\/figure><\/li><li class=\"wp-block-jetpack-slideshow_slide swiper-slide\"><figure><img loading=\"lazy\" decoding=\"async\" width=\"1024\" height=\"576\" alt=\"\" class=\"wp-block-jetpack-slideshow_image wp-image-4085\" data-id=\"4085\" src=\"https:\/\/www.joaquinlois.com\/catedral-granada\/wp-content\/uploads\/sites\/3\/2024\/02\/DSC08960-1024x576.jpg\" srcset=\"https:\/\/www.joaquinlois.com\/catedral-granada\/wp-content\/uploads\/sites\/3\/2024\/02\/DSC08960-1024x576.jpg 1024w, https:\/\/www.joaquinlois.com\/catedral-granada\/wp-content\/uploads\/sites\/3\/2024\/02\/DSC08960-500x281.jpg 500w, https:\/\/www.joaquinlois.com\/catedral-granada\/wp-content\/uploads\/sites\/3\/2024\/02\/DSC08960-768x432.jpg 768w, https:\/\/www.joaquinlois.com\/catedral-granada\/wp-content\/uploads\/sites\/3\/2024\/02\/DSC08960-1536x865.jpg 1536w, https:\/\/www.joaquinlois.com\/catedral-granada\/wp-content\/uploads\/sites\/3\/2024\/02\/DSC08960-2048x1153.jpg 2048w\" sizes=\"(max-width: 1024px) 100vw, 1024px\" \/><\/figure><\/li><li class=\"wp-block-jetpack-slideshow_slide swiper-slide\"><figure><img loading=\"lazy\" decoding=\"async\" width=\"1024\" height=\"576\" alt=\"\" class=\"wp-block-jetpack-slideshow_image wp-image-4084\" data-id=\"4084\" src=\"https:\/\/www.joaquinlois.com\/catedral-granada\/wp-content\/uploads\/sites\/3\/2024\/02\/DSC08953-1024x576.jpg\" srcset=\"https:\/\/www.joaquinlois.com\/catedral-granada\/wp-content\/uploads\/sites\/3\/2024\/02\/DSC08953-1024x576.jpg 1024w, https:\/\/www.joaquinlois.com\/catedral-granada\/wp-content\/uploads\/sites\/3\/2024\/02\/DSC08953-500x281.jpg 500w, https:\/\/www.joaquinlois.com\/catedral-granada\/wp-content\/uploads\/sites\/3\/2024\/02\/DSC08953-768x432.jpg 768w, https:\/\/www.joaquinlois.com\/catedral-granada\/wp-content\/uploads\/sites\/3\/2024\/02\/DSC08953-1536x865.jpg 1536w, https:\/\/www.joaquinlois.com\/catedral-granada\/wp-content\/uploads\/sites\/3\/2024\/02\/DSC08953-2048x1153.jpg 2048w\" sizes=\"(max-width: 1024px) 100vw, 1024px\" \/><\/figure><\/li><li class=\"wp-block-jetpack-slideshow_slide swiper-slide\"><figure><img loading=\"lazy\" decoding=\"async\" width=\"1024\" height=\"683\" alt=\"\" class=\"wp-block-jetpack-slideshow_image wp-image-4050\" data-id=\"4050\" src=\"https:\/\/www.joaquinlois.com\/catedral-granada\/wp-content\/uploads\/sites\/3\/2024\/02\/DSC07779-1024x683.jpg\" srcset=\"https:\/\/www.joaquinlois.com\/catedral-granada\/wp-content\/uploads\/sites\/3\/2024\/02\/DSC07779-1024x683.jpg 1024w, https:\/\/www.joaquinlois.com\/catedral-granada\/wp-content\/uploads\/sites\/3\/2024\/02\/DSC07779-500x333.jpg 500w, https:\/\/www.joaquinlois.com\/catedral-granada\/wp-content\/uploads\/sites\/3\/2024\/02\/DSC07779-768x512.jpg 768w, https:\/\/www.joaquinlois.com\/catedral-granada\/wp-content\/uploads\/sites\/3\/2024\/02\/DSC07779-1536x1024.jpg 1536w, https:\/\/www.joaquinlois.com\/catedral-granada\/wp-content\/uploads\/sites\/3\/2024\/02\/DSC07779-2048x1366.jpg 2048w\" sizes=\"(max-width: 1024px) 100vw, 1024px\" \/><\/figure><\/li><li class=\"wp-block-jetpack-slideshow_slide swiper-slide\"><figure><img loading=\"lazy\" decoding=\"async\" width=\"1024\" height=\"683\" alt=\"\" class=\"wp-block-jetpack-slideshow_image wp-image-4051\" data-id=\"4051\" src=\"https:\/\/www.joaquinlois.com\/catedral-granada\/wp-content\/uploads\/sites\/3\/2024\/02\/DSC07782-1024x683.jpg\" srcset=\"https:\/\/www.joaquinlois.com\/catedral-granada\/wp-content\/uploads\/sites\/3\/2024\/02\/DSC07782-1024x683.jpg 1024w, https:\/\/www.joaquinlois.com\/catedral-granada\/wp-content\/uploads\/sites\/3\/2024\/02\/DSC07782-500x333.jpg 500w, https:\/\/www.joaquinlois.com\/catedral-granada\/wp-content\/uploads\/sites\/3\/2024\/02\/DSC07782-768x512.jpg 768w, https:\/\/www.joaquinlois.com\/catedral-granada\/wp-content\/uploads\/sites\/3\/2024\/02\/DSC07782-1536x1024.jpg 1536w, https:\/\/www.joaquinlois.com\/catedral-granada\/wp-content\/uploads\/sites\/3\/2024\/02\/DSC07782-2048x1366.jpg 2048w\" sizes=\"(max-width: 1024px) 100vw, 1024px\" \/><\/figure><\/li><li class=\"wp-block-jetpack-slideshow_slide swiper-slide\"><figure><img loading=\"lazy\" decoding=\"async\" width=\"1024\" height=\"683\" alt=\"\" class=\"wp-block-jetpack-slideshow_image wp-image-4041\" data-id=\"4041\" src=\"https:\/\/www.joaquinlois.com\/catedral-granada\/wp-content\/uploads\/sites\/3\/2024\/02\/DSC07401-1024x683.jpg\" srcset=\"https:\/\/www.joaquinlois.com\/catedral-granada\/wp-content\/uploads\/sites\/3\/2024\/02\/DSC07401-1024x683.jpg 1024w, https:\/\/www.joaquinlois.com\/catedral-granada\/wp-content\/uploads\/sites\/3\/2024\/02\/DSC07401-500x333.jpg 500w, https:\/\/www.joaquinlois.com\/catedral-granada\/wp-content\/uploads\/sites\/3\/2024\/02\/DSC07401-768x512.jpg 768w, https:\/\/www.joaquinlois.com\/catedral-granada\/wp-content\/uploads\/sites\/3\/2024\/02\/DSC07401-1536x1024.jpg 1536w, https:\/\/www.joaquinlois.com\/catedral-granada\/wp-content\/uploads\/sites\/3\/2024\/02\/DSC07401-2048x1365.jpg 2048w\" sizes=\"(max-width: 1024px) 100vw, 1024px\" \/><\/figure><\/li><li class=\"wp-block-jetpack-slideshow_slide swiper-slide\"><figure><img loading=\"lazy\" decoding=\"async\" width=\"1024\" height=\"683\" alt=\"\" class=\"wp-block-jetpack-slideshow_image wp-image-4042\" data-id=\"4042\" src=\"https:\/\/www.joaquinlois.com\/catedral-granada\/wp-content\/uploads\/sites\/3\/2024\/02\/DSC07402-1024x683.jpg\" srcset=\"https:\/\/www.joaquinlois.com\/catedral-granada\/wp-content\/uploads\/sites\/3\/2024\/02\/DSC07402-1024x683.jpg 1024w, https:\/\/www.joaquinlois.com\/catedral-granada\/wp-content\/uploads\/sites\/3\/2024\/02\/DSC07402-500x333.jpg 500w, https:\/\/www.joaquinlois.com\/catedral-granada\/wp-content\/uploads\/sites\/3\/2024\/02\/DSC07402-768x512.jpg 768w, https:\/\/www.joaquinlois.com\/catedral-granada\/wp-content\/uploads\/sites\/3\/2024\/02\/DSC07402-1536x1024.jpg 1536w, https:\/\/www.joaquinlois.com\/catedral-granada\/wp-content\/uploads\/sites\/3\/2024\/02\/DSC07402-2048x1365.jpg 2048w\" sizes=\"(max-width: 1024px) 100vw, 1024px\" \/><\/figure><\/li><\/ul><a class=\"wp-block-jetpack-slideshow_button-prev swiper-button-prev swiper-button-white\" role=\"button\"><\/a><a class=\"wp-block-jetpack-slideshow_button-next swiper-button-next swiper-button-white\" role=\"button\"><\/a><a aria-label=\"Pause Slideshow\" class=\"wp-block-jetpack-slideshow_button-pause\" role=\"button\"><\/a><div class=\"wp-block-jetpack-slideshow_pagination swiper-pagination swiper-pagination-white\"><\/div><\/div><\/div>\n\n\n\n<div data-carousel-extra='{&quot;blog_id&quot;:3,&quot;permalink&quot;:&quot;https:\/\/www.joaquinlois.com\/catedral-granada\/restauracion-del-flautado-de-26\/&quot;}' id='gallery-3' class='gallery galleryid-4022 gallery-columns-3 gallery-size-thumbnail'><figure class='gallery-item'>\n\t\t\t<div class='gallery-icon landscape'>\n\t\t\t\t<a href='https:\/\/www.joaquinlois.com\/catedral-granada\/restauracion-del-flautado-de-26\/dsc09159_1\/'><img loading=\"lazy\" decoding=\"async\" width=\"300\" height=\"300\" src=\"https:\/\/www.joaquinlois.com\/catedral-granada\/wp-content\/uploads\/sites\/3\/2024\/02\/DSC09159_1-300x300.jpg\" class=\"attachment-thumbnail size-thumbnail\" alt=\"\" srcset=\"https:\/\/www.joaquinlois.com\/catedral-granada\/wp-content\/uploads\/sites\/3\/2024\/02\/DSC09159_1-300x300.jpg 300w, https:\/\/www.joaquinlois.com\/catedral-granada\/wp-content\/uploads\/sites\/3\/2024\/02\/DSC09159_1-400x400.jpg 400w\" sizes=\"auto, (max-width: 300px) 100vw, 300px\" data-attachment-id=\"4146\" data-permalink=\"https:\/\/www.joaquinlois.com\/catedral-granada\/restauracion-del-flautado-de-26\/dsc09159_1\/\" data-orig-file=\"https:\/\/www.joaquinlois.com\/catedral-granada\/wp-content\/uploads\/sites\/3\/2024\/02\/DSC09159_1.jpg\" data-orig-size=\"1200,639\" data-comments-opened=\"0\" data-image-meta=\"{&quot;aperture&quot;:&quot;0&quot;,&quot;credit&quot;:&quot;&quot;,&quot;camera&quot;:&quot;&quot;,&quot;caption&quot;:&quot;&quot;,&quot;created_timestamp&quot;:&quot;0&quot;,&quot;copyright&quot;:&quot;&quot;,&quot;focal_length&quot;:&quot;0&quot;,&quot;iso&quot;:&quot;0&quot;,&quot;shutter_speed&quot;:&quot;0&quot;,&quot;title&quot;:&quot;&quot;,&quot;orientation&quot;:&quot;0&quot;,&quot;lens&quot;:&quot;&quot;}\" data-image-title=\"DSC09159_1\" data-image-description=\"\" data-image-caption=\"\" data-medium-file=\"https:\/\/www.joaquinlois.com\/catedral-granada\/wp-content\/uploads\/sites\/3\/2024\/02\/DSC09159_1-500x266.jpg\" data-large-file=\"https:\/\/www.joaquinlois.com\/catedral-granada\/wp-content\/uploads\/sites\/3\/2024\/02\/DSC09159_1-1024x545.jpg\" \/><\/a>\n\t\t\t<\/div><\/figure><figure class='gallery-item'>\n\t\t\t<div class='gallery-icon landscape'>\n\t\t\t\t<a href='https:\/\/www.joaquinlois.com\/catedral-granada\/restauracion-del-flautado-de-26\/_mg_9115\/'><img loading=\"lazy\" decoding=\"async\" width=\"300\" height=\"300\" src=\"https:\/\/www.joaquinlois.com\/catedral-granada\/wp-content\/uploads\/sites\/3\/2024\/02\/MG_9115-300x300.jpg\" class=\"attachment-thumbnail size-thumbnail\" alt=\"\" srcset=\"https:\/\/www.joaquinlois.com\/catedral-granada\/wp-content\/uploads\/sites\/3\/2024\/02\/MG_9115-300x300.jpg 300w, https:\/\/www.joaquinlois.com\/catedral-granada\/wp-content\/uploads\/sites\/3\/2024\/02\/MG_9115-400x400.jpg 400w\" sizes=\"auto, (max-width: 300px) 100vw, 300px\" data-attachment-id=\"4150\" data-permalink=\"https:\/\/www.joaquinlois.com\/catedral-granada\/restauracion-del-flautado-de-26\/_mg_9115\/\" data-orig-file=\"https:\/\/www.joaquinlois.com\/catedral-granada\/wp-content\/uploads\/sites\/3\/2024\/02\/MG_9115.jpg\" data-orig-size=\"1200,800\" data-comments-opened=\"0\" data-image-meta=\"{&quot;aperture&quot;:&quot;0&quot;,&quot;credit&quot;:&quot;&quot;,&quot;camera&quot;:&quot;&quot;,&quot;caption&quot;:&quot;&quot;,&quot;created_timestamp&quot;:&quot;0&quot;,&quot;copyright&quot;:&quot;&quot;,&quot;focal_length&quot;:&quot;0&quot;,&quot;iso&quot;:&quot;0&quot;,&quot;shutter_speed&quot;:&quot;0&quot;,&quot;title&quot;:&quot;&quot;,&quot;orientation&quot;:&quot;0&quot;,&quot;lens&quot;:&quot;&quot;}\" data-image-title=\"_MG_9115\" data-image-description=\"\" data-image-caption=\"\" data-medium-file=\"https:\/\/www.joaquinlois.com\/catedral-granada\/wp-content\/uploads\/sites\/3\/2024\/02\/MG_9115-500x333.jpg\" data-large-file=\"https:\/\/www.joaquinlois.com\/catedral-granada\/wp-content\/uploads\/sites\/3\/2024\/02\/MG_9115-1024x683.jpg\" \/><\/a>\n\t\t\t<\/div><\/figure><figure class='gallery-item'>\n\t\t\t<div class='gallery-icon landscape'>\n\t\t\t\t<a href='https:\/\/www.joaquinlois.com\/catedral-granada\/restauracion-del-flautado-de-26\/_mg_9183\/'><img loading=\"lazy\" decoding=\"async\" width=\"300\" height=\"300\" src=\"https:\/\/www.joaquinlois.com\/catedral-granada\/wp-content\/uploads\/sites\/3\/2024\/02\/MG_9183-300x300.jpg\" class=\"attachment-thumbnail size-thumbnail\" alt=\"\" srcset=\"https:\/\/www.joaquinlois.com\/catedral-granada\/wp-content\/uploads\/sites\/3\/2024\/02\/MG_9183-300x300.jpg 300w, https:\/\/www.joaquinlois.com\/catedral-granada\/wp-content\/uploads\/sites\/3\/2024\/02\/MG_9183-400x400.jpg 400w\" sizes=\"auto, (max-width: 300px) 100vw, 300px\" data-attachment-id=\"4147\" data-permalink=\"https:\/\/www.joaquinlois.com\/catedral-granada\/restauracion-del-flautado-de-26\/_mg_9183\/\" data-orig-file=\"https:\/\/www.joaquinlois.com\/catedral-granada\/wp-content\/uploads\/sites\/3\/2024\/02\/MG_9183.jpg\" data-orig-size=\"1200,800\" data-comments-opened=\"0\" data-image-meta=\"{&quot;aperture&quot;:&quot;0&quot;,&quot;credit&quot;:&quot;&quot;,&quot;camera&quot;:&quot;&quot;,&quot;caption&quot;:&quot;&quot;,&quot;created_timestamp&quot;:&quot;0&quot;,&quot;copyright&quot;:&quot;&quot;,&quot;focal_length&quot;:&quot;0&quot;,&quot;iso&quot;:&quot;0&quot;,&quot;shutter_speed&quot;:&quot;0&quot;,&quot;title&quot;:&quot;&quot;,&quot;orientation&quot;:&quot;0&quot;,&quot;lens&quot;:&quot;&quot;}\" data-image-title=\"_MG_9183\" data-image-description=\"\" data-image-caption=\"\" data-medium-file=\"https:\/\/www.joaquinlois.com\/catedral-granada\/wp-content\/uploads\/sites\/3\/2024\/02\/MG_9183-500x333.jpg\" data-large-file=\"https:\/\/www.joaquinlois.com\/catedral-granada\/wp-content\/uploads\/sites\/3\/2024\/02\/MG_9183-1024x683.jpg\" \/><\/a>\n\t\t\t<\/div><\/figure>\n\t\t<\/div>\n\n\n\n\n<blockquote class=\"wp-block-quote is-layout-flow wp-block-quote-is-layout-flow\">\n<p>La tuber\u00eda del Flautado de 26 est\u00e1 preparada para su montaje en el \u00f3rgano.<\/p>\n<\/blockquote>\n\n\n\n<div data-carousel-extra='{&quot;blog_id&quot;:3,&quot;permalink&quot;:&quot;https:\/\/www.joaquinlois.com\/catedral-granada\/restauracion-del-flautado-de-26\/&quot;}' id='gallery-4' class='gallery galleryid-4022 gallery-columns-3 gallery-size-thumbnail'><figure class='gallery-item'>\n\t\t\t<div class='gallery-icon portrait'>\n\t\t\t\t<a href='https:\/\/www.joaquinlois.com\/catedral-granada\/restauracion-del-flautado-de-26\/dsc09336\/'><img loading=\"lazy\" decoding=\"async\" width=\"300\" height=\"300\" src=\"https:\/\/www.joaquinlois.com\/catedral-granada\/wp-content\/uploads\/sites\/3\/2024\/02\/DSC09336-300x300.jpg\" class=\"attachment-thumbnail size-thumbnail\" alt=\"\" srcset=\"https:\/\/www.joaquinlois.com\/catedral-granada\/wp-content\/uploads\/sites\/3\/2024\/02\/DSC09336-300x300.jpg 300w, https:\/\/www.joaquinlois.com\/catedral-granada\/wp-content\/uploads\/sites\/3\/2024\/02\/DSC09336-400x400.jpg 400w\" sizes=\"auto, (max-width: 300px) 100vw, 300px\" data-attachment-id=\"4347\" data-permalink=\"https:\/\/www.joaquinlois.com\/catedral-granada\/restauracion-del-flautado-de-26\/dsc09336\/\" data-orig-file=\"https:\/\/www.joaquinlois.com\/catedral-granada\/wp-content\/uploads\/sites\/3\/2024\/02\/DSC09336.jpg\" data-orig-size=\"844,1500\" data-comments-opened=\"0\" data-image-meta=\"{&quot;aperture&quot;:&quot;0&quot;,&quot;credit&quot;:&quot;&quot;,&quot;camera&quot;:&quot;&quot;,&quot;caption&quot;:&quot;&quot;,&quot;created_timestamp&quot;:&quot;0&quot;,&quot;copyright&quot;:&quot;&quot;,&quot;focal_length&quot;:&quot;0&quot;,&quot;iso&quot;:&quot;0&quot;,&quot;shutter_speed&quot;:&quot;0&quot;,&quot;title&quot;:&quot;&quot;,&quot;orientation&quot;:&quot;0&quot;,&quot;lens&quot;:&quot;&quot;}\" data-image-title=\"DSC09336\" data-image-description=\"\" data-image-caption=\"\" data-medium-file=\"https:\/\/www.joaquinlois.com\/catedral-granada\/wp-content\/uploads\/sites\/3\/2024\/02\/DSC09336-281x500.jpg\" data-large-file=\"https:\/\/www.joaquinlois.com\/catedral-granada\/wp-content\/uploads\/sites\/3\/2024\/02\/DSC09336-576x1024.jpg\" \/><\/a>\n\t\t\t<\/div><\/figure><figure class='gallery-item'>\n\t\t\t<div class='gallery-icon landscape'>\n\t\t\t\t<a href='https:\/\/www.joaquinlois.com\/catedral-granada\/restauracion-del-flautado-de-26\/dsc09330\/'><img loading=\"lazy\" decoding=\"async\" width=\"300\" height=\"300\" src=\"https:\/\/www.joaquinlois.com\/catedral-granada\/wp-content\/uploads\/sites\/3\/2024\/02\/DSC09330-300x300.jpg\" class=\"attachment-thumbnail size-thumbnail\" alt=\"\" srcset=\"https:\/\/www.joaquinlois.com\/catedral-granada\/wp-content\/uploads\/sites\/3\/2024\/02\/DSC09330-300x300.jpg 300w, https:\/\/www.joaquinlois.com\/catedral-granada\/wp-content\/uploads\/sites\/3\/2024\/02\/DSC09330-400x400.jpg 400w\" sizes=\"auto, (max-width: 300px) 100vw, 300px\" data-attachment-id=\"4348\" data-permalink=\"https:\/\/www.joaquinlois.com\/catedral-granada\/restauracion-del-flautado-de-26\/dsc09330\/\" data-orig-file=\"https:\/\/www.joaquinlois.com\/catedral-granada\/wp-content\/uploads\/sites\/3\/2024\/02\/DSC09330.jpg\" data-orig-size=\"1100,619\" data-comments-opened=\"0\" data-image-meta=\"{&quot;aperture&quot;:&quot;0&quot;,&quot;credit&quot;:&quot;&quot;,&quot;camera&quot;:&quot;&quot;,&quot;caption&quot;:&quot;&quot;,&quot;created_timestamp&quot;:&quot;0&quot;,&quot;copyright&quot;:&quot;&quot;,&quot;focal_length&quot;:&quot;0&quot;,&quot;iso&quot;:&quot;0&quot;,&quot;shutter_speed&quot;:&quot;0&quot;,&quot;title&quot;:&quot;&quot;,&quot;orientation&quot;:&quot;0&quot;,&quot;lens&quot;:&quot;&quot;}\" data-image-title=\"DSC09330\" data-image-description=\"\" data-image-caption=\"\" data-medium-file=\"https:\/\/www.joaquinlois.com\/catedral-granada\/wp-content\/uploads\/sites\/3\/2024\/02\/DSC09330-500x281.jpg\" data-large-file=\"https:\/\/www.joaquinlois.com\/catedral-granada\/wp-content\/uploads\/sites\/3\/2024\/02\/DSC09330-1024x576.jpg\" \/><\/a>\n\t\t\t<\/div><\/figure><figure class='gallery-item'>\n\t\t\t<div class='gallery-icon landscape'>\n\t\t\t\t<a href='https:\/\/www.joaquinlois.com\/catedral-granada\/restauracion-del-flautado-de-26\/_mg_9210\/'><img loading=\"lazy\" decoding=\"async\" width=\"300\" height=\"300\" src=\"https:\/\/www.joaquinlois.com\/catedral-granada\/wp-content\/uploads\/sites\/3\/2024\/02\/MG_9210-300x300.jpg\" class=\"attachment-thumbnail size-thumbnail\" alt=\"\" srcset=\"https:\/\/www.joaquinlois.com\/catedral-granada\/wp-content\/uploads\/sites\/3\/2024\/02\/MG_9210-300x300.jpg 300w, https:\/\/www.joaquinlois.com\/catedral-granada\/wp-content\/uploads\/sites\/3\/2024\/02\/MG_9210-400x400.jpg 400w\" sizes=\"auto, (max-width: 300px) 100vw, 300px\" data-attachment-id=\"4349\" data-permalink=\"https:\/\/www.joaquinlois.com\/catedral-granada\/restauracion-del-flautado-de-26\/_mg_9210\/\" data-orig-file=\"https:\/\/www.joaquinlois.com\/catedral-granada\/wp-content\/uploads\/sites\/3\/2024\/02\/MG_9210.jpg\" data-orig-size=\"1100,693\" data-comments-opened=\"0\" data-image-meta=\"{&quot;aperture&quot;:&quot;0&quot;,&quot;credit&quot;:&quot;&quot;,&quot;camera&quot;:&quot;&quot;,&quot;caption&quot;:&quot;&quot;,&quot;created_timestamp&quot;:&quot;0&quot;,&quot;copyright&quot;:&quot;&quot;,&quot;focal_length&quot;:&quot;0&quot;,&quot;iso&quot;:&quot;0&quot;,&quot;shutter_speed&quot;:&quot;0&quot;,&quot;title&quot;:&quot;&quot;,&quot;orientation&quot;:&quot;0&quot;,&quot;lens&quot;:&quot;&quot;}\" data-image-title=\"_MG_9210\" data-image-description=\"\" data-image-caption=\"\" data-medium-file=\"https:\/\/www.joaquinlois.com\/catedral-granada\/wp-content\/uploads\/sites\/3\/2024\/02\/MG_9210-500x315.jpg\" data-large-file=\"https:\/\/www.joaquinlois.com\/catedral-granada\/wp-content\/uploads\/sites\/3\/2024\/02\/MG_9210-1024x645.jpg\" \/><\/a>\n\t\t\t<\/div><\/figure><figure class='gallery-item'>\n\t\t\t<div class='gallery-icon landscape'>\n\t\t\t\t<a href='https:\/\/www.joaquinlois.com\/catedral-granada\/restauracion-del-flautado-de-26\/dsc09294\/'><img loading=\"lazy\" decoding=\"async\" width=\"300\" height=\"300\" src=\"https:\/\/www.joaquinlois.com\/catedral-granada\/wp-content\/uploads\/sites\/3\/2024\/02\/DSC09294-300x300.jpg\" class=\"attachment-thumbnail size-thumbnail\" alt=\"\" srcset=\"https:\/\/www.joaquinlois.com\/catedral-granada\/wp-content\/uploads\/sites\/3\/2024\/02\/DSC09294-300x300.jpg 300w, https:\/\/www.joaquinlois.com\/catedral-granada\/wp-content\/uploads\/sites\/3\/2024\/02\/DSC09294-400x400.jpg 400w\" sizes=\"auto, (max-width: 300px) 100vw, 300px\" data-attachment-id=\"4350\" data-permalink=\"https:\/\/www.joaquinlois.com\/catedral-granada\/restauracion-del-flautado-de-26\/dsc09294\/\" data-orig-file=\"https:\/\/www.joaquinlois.com\/catedral-granada\/wp-content\/uploads\/sites\/3\/2024\/02\/DSC09294.jpg\" data-orig-size=\"1100,676\" data-comments-opened=\"0\" data-image-meta=\"{&quot;aperture&quot;:&quot;0&quot;,&quot;credit&quot;:&quot;&quot;,&quot;camera&quot;:&quot;&quot;,&quot;caption&quot;:&quot;&quot;,&quot;created_timestamp&quot;:&quot;0&quot;,&quot;copyright&quot;:&quot;&quot;,&quot;focal_length&quot;:&quot;0&quot;,&quot;iso&quot;:&quot;0&quot;,&quot;shutter_speed&quot;:&quot;0&quot;,&quot;title&quot;:&quot;&quot;,&quot;orientation&quot;:&quot;0&quot;,&quot;lens&quot;:&quot;&quot;}\" data-image-title=\"DSC09294\" data-image-description=\"\" data-image-caption=\"\" data-medium-file=\"https:\/\/www.joaquinlois.com\/catedral-granada\/wp-content\/uploads\/sites\/3\/2024\/02\/DSC09294-500x307.jpg\" data-large-file=\"https:\/\/www.joaquinlois.com\/catedral-granada\/wp-content\/uploads\/sites\/3\/2024\/02\/DSC09294-1024x629.jpg\" \/><\/a>\n\t\t\t<\/div><\/figure>\n\t\t<\/div>\n\n","protected":false},"excerpt":{"rendered":"<p>El Flautado de 26 va en fachada hasta el \u00faltimo Do. Su hechura y ornamentaci\u00f3n son caracter\u00edsticos de Leonardo Fern\u00e1ndez D\u00e1vila. Las m\u00e1scaras que llevan en la boca est\u00e1n repujadas en piezas de similar aleaci\u00f3n a los tubos. La construcci\u00f3n de los tubos es s\u00f3lida si bien algunos defectos de construcci\u00f3n y los avatares de [&hellip;]<\/p>\n","protected":false},"author":1,"featured_media":4136,"comment_status":"closed","ping_status":"open","sticky":false,"template":"","format":"standard","meta":{"_acf_changed":false,"_jetpack_memberships_contains_paid_content":false,"footnotes":""},"categories":[1],"tags":[],"elemento":[14],"lt":[8],"teclados":[21],"class_list":["post-4022","post","type-post","status-publish","format-standard","has-post-thumbnail","hentry","category-sin-categoria","elemento-tuberia","lt-restauracion","teclados-o-m"],"acf":[],"yoast_head":"<!-- This site is optimized with the Yoast SEO plugin v27.3 - https:\/\/yoast.com\/product\/yoast-seo-wordpress\/ -->\n<title>Restauraci\u00f3n del Flautado de 26 | \u00d3rgano de la ep\u00edstola de la Catedral de Granada<\/title>\n<meta name=\"robots\" content=\"index, follow, max-snippet:-1, max-image-preview:large, max-video-preview:-1\" \/>\n<link rel=\"canonical\" href=\"https:\/\/www.joaquinlois.com\/catedral-granada\/restauracion-del-flautado-de-26\/\" \/>\n<meta property=\"og:locale\" content=\"es_ES\" \/>\n<meta property=\"og:type\" content=\"article\" \/>\n<meta property=\"og:title\" content=\"Restauraci\u00f3n del Flautado de 26 | \u00d3rgano de la ep\u00edstola de la Catedral de Granada\" \/>\n<meta property=\"og:description\" content=\"El Flautado de 26 va en fachada hasta el \u00faltimo Do. Su hechura y ornamentaci\u00f3n son caracter\u00edsticos de Leonardo Fern\u00e1ndez D\u00e1vila. Las m\u00e1scaras que llevan en la boca est\u00e1n repujadas en piezas de similar aleaci\u00f3n a los tubos. La construcci\u00f3n de los tubos es s\u00f3lida si bien algunos defectos de construcci\u00f3n y los avatares de [&hellip;]\" \/>\n<meta property=\"og:url\" content=\"https:\/\/www.joaquinlois.com\/catedral-granada\/restauracion-del-flautado-de-26\/\" \/>\n<meta property=\"og:site_name\" content=\"\u00d3rgano de la ep\u00edstola de la Catedral de Granada\" \/>\n<meta property=\"article:publisher\" content=\"https:\/\/www.facebook.com\/joaquinlois\" \/>\n<meta property=\"article:published_time\" content=\"2024-02-15T17:24:00+00:00\" \/>\n<meta property=\"article:modified_time\" content=\"2025-01-19T11:47:46+00:00\" \/>\n<meta property=\"og:image\" content=\"https:\/\/www.joaquinlois.com\/catedral-granada\/wp-content\/uploads\/sites\/3\/2024\/02\/DSC09175.jpg\" \/>\n\t<meta property=\"og:image:width\" content=\"1200\" \/>\n\t<meta property=\"og:image:height\" content=\"675\" \/>\n\t<meta property=\"og:image:type\" content=\"image\/jpeg\" \/>\n<meta name=\"author\" content=\"admin\" \/>\n<meta name=\"twitter:card\" content=\"summary_large_image\" \/>\n<meta name=\"twitter:label1\" content=\"Escrito por\" \/>\n\t<meta name=\"twitter:data1\" content=\"admin\" \/>\n\t<meta name=\"twitter:label2\" content=\"Tiempo de lectura\" \/>\n\t<meta name=\"twitter:data2\" content=\"10 minutos\" \/>\n<script type=\"application\/ld+json\" class=\"yoast-schema-graph\">{\"@context\":\"https:\\\/\\\/schema.org\",\"@graph\":[{\"@type\":\"Article\",\"@id\":\"https:\\\/\\\/www.joaquinlois.com\\\/catedral-granada\\\/restauracion-del-flautado-de-26\\\/#article\",\"isPartOf\":{\"@id\":\"https:\\\/\\\/www.joaquinlois.com\\\/catedral-granada\\\/restauracion-del-flautado-de-26\\\/\"},\"author\":{\"name\":\"admin\",\"@id\":\"https:\\\/\\\/www.joaquinlois.com\\\/catedral-granada\\\/#\\\/schema\\\/person\\\/91b02054a0a8f4c46cc3753e6417987a\"},\"headline\":\"Restauraci\u00f3n del Flautado de 26\",\"datePublished\":\"2024-02-15T17:24:00+00:00\",\"dateModified\":\"2025-01-19T11:47:46+00:00\",\"mainEntityOfPage\":{\"@id\":\"https:\\\/\\\/www.joaquinlois.com\\\/catedral-granada\\\/restauracion-del-flautado-de-26\\\/\"},\"wordCount\":335,\"publisher\":{\"@id\":\"https:\\\/\\\/www.joaquinlois.com\\\/catedral-granada\\\/#organization\"},\"image\":{\"@id\":\"https:\\\/\\\/www.joaquinlois.com\\\/catedral-granada\\\/restauracion-del-flautado-de-26\\\/#primaryimage\"},\"thumbnailUrl\":\"https:\\\/\\\/www.joaquinlois.com\\\/catedral-granada\\\/wp-content\\\/uploads\\\/sites\\\/3\\\/2024\\\/02\\\/DSC09175.jpg\",\"inLanguage\":\"es\"},{\"@type\":\"WebPage\",\"@id\":\"https:\\\/\\\/www.joaquinlois.com\\\/catedral-granada\\\/restauracion-del-flautado-de-26\\\/\",\"url\":\"https:\\\/\\\/www.joaquinlois.com\\\/catedral-granada\\\/restauracion-del-flautado-de-26\\\/\",\"name\":\"Restauraci\u00f3n del Flautado de 26 | \u00d3rgano de la ep\u00edstola de la Catedral de Granada\",\"isPartOf\":{\"@id\":\"https:\\\/\\\/www.joaquinlois.com\\\/catedral-granada\\\/#website\"},\"primaryImageOfPage\":{\"@id\":\"https:\\\/\\\/www.joaquinlois.com\\\/catedral-granada\\\/restauracion-del-flautado-de-26\\\/#primaryimage\"},\"image\":{\"@id\":\"https:\\\/\\\/www.joaquinlois.com\\\/catedral-granada\\\/restauracion-del-flautado-de-26\\\/#primaryimage\"},\"thumbnailUrl\":\"https:\\\/\\\/www.joaquinlois.com\\\/catedral-granada\\\/wp-content\\\/uploads\\\/sites\\\/3\\\/2024\\\/02\\\/DSC09175.jpg\",\"datePublished\":\"2024-02-15T17:24:00+00:00\",\"dateModified\":\"2025-01-19T11:47:46+00:00\",\"inLanguage\":\"es\",\"potentialAction\":[{\"@type\":\"ReadAction\",\"target\":[\"https:\\\/\\\/www.joaquinlois.com\\\/catedral-granada\\\/restauracion-del-flautado-de-26\\\/\"]}]},{\"@type\":\"ImageObject\",\"inLanguage\":\"es\",\"@id\":\"https:\\\/\\\/www.joaquinlois.com\\\/catedral-granada\\\/restauracion-del-flautado-de-26\\\/#primaryimage\",\"url\":\"https:\\\/\\\/www.joaquinlois.com\\\/catedral-granada\\\/wp-content\\\/uploads\\\/sites\\\/3\\\/2024\\\/02\\\/DSC09175.jpg\",\"contentUrl\":\"https:\\\/\\\/www.joaquinlois.com\\\/catedral-granada\\\/wp-content\\\/uploads\\\/sites\\\/3\\\/2024\\\/02\\\/DSC09175.jpg\",\"width\":1200,\"height\":675},{\"@type\":\"WebSite\",\"@id\":\"https:\\\/\\\/www.joaquinlois.com\\\/catedral-granada\\\/#website\",\"url\":\"https:\\\/\\\/www.joaquinlois.com\\\/catedral-granada\\\/\",\"name\":\"\u00d3tgano de la ep\u00edstola de la catedral de Granada\",\"description\":\"Restauraci\u00f3n en curso por el taller de organer\u00eca de Joaqu\u00edn Lois\",\"publisher\":{\"@id\":\"https:\\\/\\\/www.joaquinlois.com\\\/catedral-granada\\\/#organization\"},\"potentialAction\":[{\"@type\":\"SearchAction\",\"target\":{\"@type\":\"EntryPoint\",\"urlTemplate\":\"https:\\\/\\\/www.joaquinlois.com\\\/catedral-granada\\\/?s={search_term_string}\"},\"query-input\":{\"@type\":\"PropertyValueSpecification\",\"valueRequired\":true,\"valueName\":\"search_term_string\"}}],\"inLanguage\":\"es\"},{\"@type\":\"Organization\",\"@id\":\"https:\\\/\\\/www.joaquinlois.com\\\/catedral-granada\\\/#organization\",\"name\":\"Joaqu\u00edn Lois - Organero\",\"url\":\"https:\\\/\\\/www.joaquinlois.com\\\/catedral-granada\\\/\",\"logo\":{\"@type\":\"ImageObject\",\"inLanguage\":\"es\",\"@id\":\"https:\\\/\\\/www.joaquinlois.com\\\/catedral-granada\\\/#\\\/schema\\\/logo\\\/image\\\/\",\"url\":\"https:\\\/\\\/www.joaquinlois.com\\\/catedral-granada\\\/wp-content\\\/uploads\\\/sites\\\/3\\\/2023\\\/01\\\/Joaquin-Lois-Organero.jpg\",\"contentUrl\":\"https:\\\/\\\/www.joaquinlois.com\\\/catedral-granada\\\/wp-content\\\/uploads\\\/sites\\\/3\\\/2023\\\/01\\\/Joaquin-Lois-Organero.jpg\",\"width\":667,\"height\":667,\"caption\":\"Joaqu\u00edn Lois - Organero\"},\"image\":{\"@id\":\"https:\\\/\\\/www.joaquinlois.com\\\/catedral-granada\\\/#\\\/schema\\\/logo\\\/image\\\/\"},\"sameAs\":[\"https:\\\/\\\/www.facebook.com\\\/joaquinlois\"]},{\"@type\":\"Person\",\"@id\":\"https:\\\/\\\/www.joaquinlois.com\\\/catedral-granada\\\/#\\\/schema\\\/person\\\/91b02054a0a8f4c46cc3753e6417987a\",\"name\":\"admin\",\"sameAs\":[\"https:\\\/\\\/www.joaquinlois.com\"],\"url\":\"https:\\\/\\\/www.joaquinlois.com\\\/catedral-granada\\\/author\\\/admin\\\/\"}]}<\/script>\n<!-- \/ Yoast SEO plugin. -->","yoast_head_json":{"title":"Restauraci\u00f3n del Flautado de 26 | \u00d3rgano de la ep\u00edstola de la Catedral de Granada","robots":{"index":"index","follow":"follow","max-snippet":"max-snippet:-1","max-image-preview":"max-image-preview:large","max-video-preview":"max-video-preview:-1"},"canonical":"https:\/\/www.joaquinlois.com\/catedral-granada\/restauracion-del-flautado-de-26\/","og_locale":"es_ES","og_type":"article","og_title":"Restauraci\u00f3n del Flautado de 26 | \u00d3rgano de la ep\u00edstola de la Catedral de Granada","og_description":"El Flautado de 26 va en fachada hasta el \u00faltimo Do. Su hechura y ornamentaci\u00f3n son caracter\u00edsticos de Leonardo Fern\u00e1ndez D\u00e1vila. Las m\u00e1scaras que llevan en la boca est\u00e1n repujadas en piezas de similar aleaci\u00f3n a los tubos. La construcci\u00f3n de los tubos es s\u00f3lida si bien algunos defectos de construcci\u00f3n y los avatares de [&hellip;]","og_url":"https:\/\/www.joaquinlois.com\/catedral-granada\/restauracion-del-flautado-de-26\/","og_site_name":"\u00d3rgano de la ep\u00edstola de la Catedral de Granada","article_publisher":"https:\/\/www.facebook.com\/joaquinlois","article_published_time":"2024-02-15T17:24:00+00:00","article_modified_time":"2025-01-19T11:47:46+00:00","og_image":[{"width":1200,"height":675,"url":"https:\/\/www.joaquinlois.com\/catedral-granada\/wp-content\/uploads\/sites\/3\/2024\/02\/DSC09175.jpg","type":"image\/jpeg"}],"author":"admin","twitter_card":"summary_large_image","twitter_misc":{"Escrito por":"admin","Tiempo de lectura":"10 minutos"},"schema":{"@context":"https:\/\/schema.org","@graph":[{"@type":"Article","@id":"https:\/\/www.joaquinlois.com\/catedral-granada\/restauracion-del-flautado-de-26\/#article","isPartOf":{"@id":"https:\/\/www.joaquinlois.com\/catedral-granada\/restauracion-del-flautado-de-26\/"},"author":{"name":"admin","@id":"https:\/\/www.joaquinlois.com\/catedral-granada\/#\/schema\/person\/91b02054a0a8f4c46cc3753e6417987a"},"headline":"Restauraci\u00f3n del Flautado de 26","datePublished":"2024-02-15T17:24:00+00:00","dateModified":"2025-01-19T11:47:46+00:00","mainEntityOfPage":{"@id":"https:\/\/www.joaquinlois.com\/catedral-granada\/restauracion-del-flautado-de-26\/"},"wordCount":335,"publisher":{"@id":"https:\/\/www.joaquinlois.com\/catedral-granada\/#organization"},"image":{"@id":"https:\/\/www.joaquinlois.com\/catedral-granada\/restauracion-del-flautado-de-26\/#primaryimage"},"thumbnailUrl":"https:\/\/www.joaquinlois.com\/catedral-granada\/wp-content\/uploads\/sites\/3\/2024\/02\/DSC09175.jpg","inLanguage":"es"},{"@type":"WebPage","@id":"https:\/\/www.joaquinlois.com\/catedral-granada\/restauracion-del-flautado-de-26\/","url":"https:\/\/www.joaquinlois.com\/catedral-granada\/restauracion-del-flautado-de-26\/","name":"Restauraci\u00f3n del Flautado de 26 | \u00d3rgano de la ep\u00edstola de la Catedral de Granada","isPartOf":{"@id":"https:\/\/www.joaquinlois.com\/catedral-granada\/#website"},"primaryImageOfPage":{"@id":"https:\/\/www.joaquinlois.com\/catedral-granada\/restauracion-del-flautado-de-26\/#primaryimage"},"image":{"@id":"https:\/\/www.joaquinlois.com\/catedral-granada\/restauracion-del-flautado-de-26\/#primaryimage"},"thumbnailUrl":"https:\/\/www.joaquinlois.com\/catedral-granada\/wp-content\/uploads\/sites\/3\/2024\/02\/DSC09175.jpg","datePublished":"2024-02-15T17:24:00+00:00","dateModified":"2025-01-19T11:47:46+00:00","inLanguage":"es","potentialAction":[{"@type":"ReadAction","target":["https:\/\/www.joaquinlois.com\/catedral-granada\/restauracion-del-flautado-de-26\/"]}]},{"@type":"ImageObject","inLanguage":"es","@id":"https:\/\/www.joaquinlois.com\/catedral-granada\/restauracion-del-flautado-de-26\/#primaryimage","url":"https:\/\/www.joaquinlois.com\/catedral-granada\/wp-content\/uploads\/sites\/3\/2024\/02\/DSC09175.jpg","contentUrl":"https:\/\/www.joaquinlois.com\/catedral-granada\/wp-content\/uploads\/sites\/3\/2024\/02\/DSC09175.jpg","width":1200,"height":675},{"@type":"WebSite","@id":"https:\/\/www.joaquinlois.com\/catedral-granada\/#website","url":"https:\/\/www.joaquinlois.com\/catedral-granada\/","name":"\u00d3tgano de la ep\u00edstola de la catedral de Granada","description":"Restauraci\u00f3n en curso por el taller de organer\u00eca de Joaqu\u00edn Lois","publisher":{"@id":"https:\/\/www.joaquinlois.com\/catedral-granada\/#organization"},"potentialAction":[{"@type":"SearchAction","target":{"@type":"EntryPoint","urlTemplate":"https:\/\/www.joaquinlois.com\/catedral-granada\/?s={search_term_string}"},"query-input":{"@type":"PropertyValueSpecification","valueRequired":true,"valueName":"search_term_string"}}],"inLanguage":"es"},{"@type":"Organization","@id":"https:\/\/www.joaquinlois.com\/catedral-granada\/#organization","name":"Joaqu\u00edn Lois - Organero","url":"https:\/\/www.joaquinlois.com\/catedral-granada\/","logo":{"@type":"ImageObject","inLanguage":"es","@id":"https:\/\/www.joaquinlois.com\/catedral-granada\/#\/schema\/logo\/image\/","url":"https:\/\/www.joaquinlois.com\/catedral-granada\/wp-content\/uploads\/sites\/3\/2023\/01\/Joaquin-Lois-Organero.jpg","contentUrl":"https:\/\/www.joaquinlois.com\/catedral-granada\/wp-content\/uploads\/sites\/3\/2023\/01\/Joaquin-Lois-Organero.jpg","width":667,"height":667,"caption":"Joaqu\u00edn Lois - Organero"},"image":{"@id":"https:\/\/www.joaquinlois.com\/catedral-granada\/#\/schema\/logo\/image\/"},"sameAs":["https:\/\/www.facebook.com\/joaquinlois"]},{"@type":"Person","@id":"https:\/\/www.joaquinlois.com\/catedral-granada\/#\/schema\/person\/91b02054a0a8f4c46cc3753e6417987a","name":"admin","sameAs":["https:\/\/www.joaquinlois.com"],"url":"https:\/\/www.joaquinlois.com\/catedral-granada\/author\/admin\/"}]}},"jetpack_featured_media_url":"https:\/\/www.joaquinlois.com\/catedral-granada\/wp-content\/uploads\/sites\/3\/2024\/02\/DSC09175.jpg","jetpack_sharing_enabled":true,"_links":{"self":[{"href":"https:\/\/www.joaquinlois.com\/catedral-granada\/wp-json\/wp\/v2\/posts\/4022","targetHints":{"allow":["GET"]}}],"collection":[{"href":"https:\/\/www.joaquinlois.com\/catedral-granada\/wp-json\/wp\/v2\/posts"}],"about":[{"href":"https:\/\/www.joaquinlois.com\/catedral-granada\/wp-json\/wp\/v2\/types\/post"}],"author":[{"embeddable":true,"href":"https:\/\/www.joaquinlois.com\/catedral-granada\/wp-json\/wp\/v2\/users\/1"}],"replies":[{"embeddable":true,"href":"https:\/\/www.joaquinlois.com\/catedral-granada\/wp-json\/wp\/v2\/comments?post=4022"}],"version-history":[{"count":31,"href":"https:\/\/www.joaquinlois.com\/catedral-granada\/wp-json\/wp\/v2\/posts\/4022\/revisions"}],"predecessor-version":[{"id":4814,"href":"https:\/\/www.joaquinlois.com\/catedral-granada\/wp-json\/wp\/v2\/posts\/4022\/revisions\/4814"}],"wp:featuredmedia":[{"embeddable":true,"href":"https:\/\/www.joaquinlois.com\/catedral-granada\/wp-json\/wp\/v2\/media\/4136"}],"wp:attachment":[{"href":"https:\/\/www.joaquinlois.com\/catedral-granada\/wp-json\/wp\/v2\/media?parent=4022"}],"wp:term":[{"taxonomy":"category","embeddable":true,"href":"https:\/\/www.joaquinlois.com\/catedral-granada\/wp-json\/wp\/v2\/categories?post=4022"},{"taxonomy":"post_tag","embeddable":true,"href":"https:\/\/www.joaquinlois.com\/catedral-granada\/wp-json\/wp\/v2\/tags?post=4022"},{"taxonomy":"elemento","embeddable":true,"href":"https:\/\/www.joaquinlois.com\/catedral-granada\/wp-json\/wp\/v2\/elemento?post=4022"},{"taxonomy":"lt","embeddable":true,"href":"https:\/\/www.joaquinlois.com\/catedral-granada\/wp-json\/wp\/v2\/lt?post=4022"},{"taxonomy":"teclados","embeddable":true,"href":"https:\/\/www.joaquinlois.com\/catedral-granada\/wp-json\/wp\/v2\/teclados?post=4022"}],"curies":[{"name":"wp","href":"https:\/\/api.w.org\/{rel}","templated":true}]}}