{"id":3931,"date":"2024-06-10T11:28:00","date_gmt":"2024-06-10T11:28:00","guid":{"rendered":"https:\/\/www.joaquinlois.com\/catedral-granada\/?p=3931"},"modified":"2025-01-26T11:53:01","modified_gmt":"2025-01-26T11:53:01","slug":"el-mueble-de-la-cadereta","status":"publish","type":"post","link":"https:\/\/www.joaquinlois.com\/catedral-granada\/el-mueble-de-la-cadereta\/","title":{"rendered":"El Mueble de la cadereta"},"content":{"rendered":"\n<p>El mueble de la cadereta presentaba varios problemas pero con un origen com\u00fan , el vencimiento de todo el cuerpo hacia el exterior. Esto afecta al propio cuerpo de la cadereta y a la balaustrada que es solidaria a \u00e9ste y que se aprecia el desplome conjunto. <\/p>\n\n\n\n<div data-carousel-extra='{&quot;blog_id&quot;:3,&quot;permalink&quot;:&quot;https:\/\/www.joaquinlois.com\/catedral-granada\/el-mueble-de-la-cadereta\/&quot;}' id='gallery-1' class='gallery galleryid-3931 gallery-columns-3 gallery-size-thumbnail'><figure class='gallery-item'>\n\t\t\t<div class='gallery-icon portrait'>\n\t\t\t\t<a href='https:\/\/www.joaquinlois.com\/catedral-granada\/el-mueble-de-la-cadereta\/img_9583\/'><img loading=\"lazy\" decoding=\"async\" width=\"300\" height=\"300\" src=\"https:\/\/www.joaquinlois.com\/catedral-granada\/wp-content\/uploads\/sites\/3\/2024\/04\/IMG_9583-300x300.jpg\" class=\"attachment-thumbnail size-thumbnail\" alt=\"\" aria-describedby=\"gallery-1-4553\" srcset=\"https:\/\/www.joaquinlois.com\/catedral-granada\/wp-content\/uploads\/sites\/3\/2024\/04\/IMG_9583-300x300.jpg 300w, https:\/\/www.joaquinlois.com\/catedral-granada\/wp-content\/uploads\/sites\/3\/2024\/04\/IMG_9583-400x400.jpg 400w\" sizes=\"auto, (max-width: 300px) 100vw, 300px\" data-attachment-id=\"4553\" data-permalink=\"https:\/\/www.joaquinlois.com\/catedral-granada\/el-mueble-de-la-cadereta\/img_9583\/\" data-orig-file=\"https:\/\/www.joaquinlois.com\/catedral-granada\/wp-content\/uploads\/sites\/3\/2024\/04\/IMG_9583.jpg\" data-orig-size=\"1000,1500\" data-comments-opened=\"0\" data-image-meta=\"{&quot;aperture&quot;:&quot;0&quot;,&quot;credit&quot;:&quot;&quot;,&quot;camera&quot;:&quot;&quot;,&quot;caption&quot;:&quot;&quot;,&quot;created_timestamp&quot;:&quot;0&quot;,&quot;copyright&quot;:&quot;&quot;,&quot;focal_length&quot;:&quot;0&quot;,&quot;iso&quot;:&quot;0&quot;,&quot;shutter_speed&quot;:&quot;0&quot;,&quot;title&quot;:&quot;&quot;,&quot;orientation&quot;:&quot;0&quot;,&quot;lens&quot;:&quot;&quot;}\" data-image-title=\"IMG_9583\" data-image-description=\"\" data-image-caption=\"&lt;p&gt;Estado antes de la restauraci\u00f3n&lt;\/p&gt;\n\" data-medium-file=\"https:\/\/www.joaquinlois.com\/catedral-granada\/wp-content\/uploads\/sites\/3\/2024\/04\/IMG_9583-333x500.jpg\" data-large-file=\"https:\/\/www.joaquinlois.com\/catedral-granada\/wp-content\/uploads\/sites\/3\/2024\/04\/IMG_9583-683x1024.jpg\" \/><\/a>\n\t\t\t<\/div>\n\t\t\t\t<figcaption class='wp-caption-text gallery-caption' id='gallery-1-4553'>\n\t\t\t\tEstado antes de la restauraci\u00f3n\n\t\t\t\t<\/figcaption><\/figure><figure class='gallery-item'>\n\t\t\t<div class='gallery-icon landscape'>\n\t\t\t\t<a href='https:\/\/www.joaquinlois.com\/catedral-granada\/el-mueble-de-la-cadereta\/img_9636-2\/'><img loading=\"lazy\" decoding=\"async\" width=\"300\" height=\"300\" src=\"https:\/\/www.joaquinlois.com\/catedral-granada\/wp-content\/uploads\/sites\/3\/2024\/04\/IMG_9636-1-300x300.jpg\" class=\"attachment-thumbnail size-thumbnail\" alt=\"\" aria-describedby=\"gallery-1-4552\" srcset=\"https:\/\/www.joaquinlois.com\/catedral-granada\/wp-content\/uploads\/sites\/3\/2024\/04\/IMG_9636-1-300x300.jpg 300w, https:\/\/www.joaquinlois.com\/catedral-granada\/wp-content\/uploads\/sites\/3\/2024\/04\/IMG_9636-1-400x400.jpg 400w\" sizes=\"auto, (max-width: 300px) 100vw, 300px\" data-attachment-id=\"4552\" data-permalink=\"https:\/\/www.joaquinlois.com\/catedral-granada\/el-mueble-de-la-cadereta\/img_9636-2\/\" data-orig-file=\"https:\/\/www.joaquinlois.com\/catedral-granada\/wp-content\/uploads\/sites\/3\/2024\/04\/IMG_9636-1.jpg\" data-orig-size=\"1200,800\" data-comments-opened=\"0\" data-image-meta=\"{&quot;aperture&quot;:&quot;0&quot;,&quot;credit&quot;:&quot;&quot;,&quot;camera&quot;:&quot;&quot;,&quot;caption&quot;:&quot;&quot;,&quot;created_timestamp&quot;:&quot;0&quot;,&quot;copyright&quot;:&quot;&quot;,&quot;focal_length&quot;:&quot;0&quot;,&quot;iso&quot;:&quot;0&quot;,&quot;shutter_speed&quot;:&quot;0&quot;,&quot;title&quot;:&quot;&quot;,&quot;orientation&quot;:&quot;0&quot;,&quot;lens&quot;:&quot;&quot;}\" data-image-title=\"IMG_9636\" data-image-description=\"\" data-image-caption=\"&lt;p&gt;Estado antes de la restauraci\u00f3n&lt;\/p&gt;\n\" data-medium-file=\"https:\/\/www.joaquinlois.com\/catedral-granada\/wp-content\/uploads\/sites\/3\/2024\/04\/IMG_9636-1-500x333.jpg\" data-large-file=\"https:\/\/www.joaquinlois.com\/catedral-granada\/wp-content\/uploads\/sites\/3\/2024\/04\/IMG_9636-1-1024x683.jpg\" \/><\/a>\n\t\t\t<\/div>\n\t\t\t\t<figcaption class='wp-caption-text gallery-caption' id='gallery-1-4552'>\n\t\t\t\tEstado antes de la restauraci\u00f3n\n\t\t\t\t<\/figcaption><\/figure>\n\t\t<\/div>\n\n\n\n\n<p><\/p>\n\n\n\n<p>Al desmontar secretos y dem\u00e1s elementos se ha visto que este vencimiento no es debido a ninguna debilidad estructural que pueda seguir deform\u00e1ndose.<\/p>\n\n\n\n<p>A pesar de todo se ha realizado refuerzos en la estructura de dicho cuerpo y su sustentaci\u00f3n.<\/p>\n\n\n\n<div data-carousel-extra='{&quot;blog_id&quot;:3,&quot;permalink&quot;:&quot;https:\/\/www.joaquinlois.com\/catedral-granada\/el-mueble-de-la-cadereta\/&quot;}' id='gallery-2' class='gallery galleryid-3931 gallery-columns-3 gallery-size-thumbnail'><figure class='gallery-item'>\n\t\t\t<div class='gallery-icon portrait'>\n\t\t\t\t<a href='https:\/\/www.joaquinlois.com\/catedral-granada\/el-mueble-de-la-cadereta\/img_5778\/'><img loading=\"lazy\" decoding=\"async\" width=\"300\" height=\"300\" src=\"https:\/\/www.joaquinlois.com\/catedral-granada\/wp-content\/uploads\/sites\/3\/2024\/04\/IMG_5778-300x300.jpg\" class=\"attachment-thumbnail size-thumbnail\" alt=\"\" srcset=\"https:\/\/www.joaquinlois.com\/catedral-granada\/wp-content\/uploads\/sites\/3\/2024\/04\/IMG_5778-300x300.jpg 300w, https:\/\/www.joaquinlois.com\/catedral-granada\/wp-content\/uploads\/sites\/3\/2024\/04\/IMG_5778-400x400.jpg 400w\" sizes=\"auto, (max-width: 300px) 100vw, 300px\" data-attachment-id=\"4565\" data-permalink=\"https:\/\/www.joaquinlois.com\/catedral-granada\/el-mueble-de-la-cadereta\/img_5778\/\" data-orig-file=\"https:\/\/www.joaquinlois.com\/catedral-granada\/wp-content\/uploads\/sites\/3\/2024\/04\/IMG_5778.jpg\" data-orig-size=\"674,1200\" data-comments-opened=\"0\" data-image-meta=\"{&quot;aperture&quot;:&quot;1.8&quot;,&quot;credit&quot;:&quot;&quot;,&quot;camera&quot;:&quot;Canon PowerShot G7 X Mark II&quot;,&quot;caption&quot;:&quot;&quot;,&quot;created_timestamp&quot;:&quot;1702921412&quot;,&quot;copyright&quot;:&quot;&quot;,&quot;focal_length&quot;:&quot;8.8&quot;,&quot;iso&quot;:&quot;250&quot;,&quot;shutter_speed&quot;:&quot;0.033333333333333&quot;,&quot;title&quot;:&quot;&quot;,&quot;orientation&quot;:&quot;1&quot;,&quot;lens&quot;:&quot;8.8-36.8 mm&quot;}\" data-image-title=\"IMG_5778\" data-image-description=\"\" data-image-caption=\"\" data-medium-file=\"https:\/\/www.joaquinlois.com\/catedral-granada\/wp-content\/uploads\/sites\/3\/2024\/04\/IMG_5778-281x500.jpg\" data-large-file=\"https:\/\/www.joaquinlois.com\/catedral-granada\/wp-content\/uploads\/sites\/3\/2024\/04\/IMG_5778-575x1024.jpg\" \/><\/a>\n\t\t\t<\/div><\/figure><figure class='gallery-item'>\n\t\t\t<div class='gallery-icon landscape'>\n\t\t\t\t<a href='https:\/\/www.joaquinlois.com\/catedral-granada\/el-mueble-de-la-cadereta\/img_5773\/'><img loading=\"lazy\" decoding=\"async\" width=\"300\" height=\"300\" src=\"https:\/\/www.joaquinlois.com\/catedral-granada\/wp-content\/uploads\/sites\/3\/2024\/04\/IMG_5773-300x300.jpg\" class=\"attachment-thumbnail size-thumbnail\" alt=\"\" srcset=\"https:\/\/www.joaquinlois.com\/catedral-granada\/wp-content\/uploads\/sites\/3\/2024\/04\/IMG_5773-300x300.jpg 300w, https:\/\/www.joaquinlois.com\/catedral-granada\/wp-content\/uploads\/sites\/3\/2024\/04\/IMG_5773-400x400.jpg 400w\" sizes=\"auto, (max-width: 300px) 100vw, 300px\" data-attachment-id=\"4567\" data-permalink=\"https:\/\/www.joaquinlois.com\/catedral-granada\/el-mueble-de-la-cadereta\/img_5773\/\" data-orig-file=\"https:\/\/www.joaquinlois.com\/catedral-granada\/wp-content\/uploads\/sites\/3\/2024\/04\/IMG_5773.jpg\" data-orig-size=\"1200,674\" data-comments-opened=\"0\" data-image-meta=\"{&quot;aperture&quot;:&quot;1.8&quot;,&quot;credit&quot;:&quot;&quot;,&quot;camera&quot;:&quot;Canon PowerShot G7 X Mark II&quot;,&quot;caption&quot;:&quot;&quot;,&quot;created_timestamp&quot;:&quot;1702921356&quot;,&quot;copyright&quot;:&quot;&quot;,&quot;focal_length&quot;:&quot;8.8&quot;,&quot;iso&quot;:&quot;200&quot;,&quot;shutter_speed&quot;:&quot;0.033333333333333&quot;,&quot;title&quot;:&quot;&quot;,&quot;orientation&quot;:&quot;1&quot;,&quot;lens&quot;:&quot;8.8-36.8 mm&quot;}\" data-image-title=\"IMG_5773\" data-image-description=\"\" data-image-caption=\"\" data-medium-file=\"https:\/\/www.joaquinlois.com\/catedral-granada\/wp-content\/uploads\/sites\/3\/2024\/04\/IMG_5773-500x281.jpg\" data-large-file=\"https:\/\/www.joaquinlois.com\/catedral-granada\/wp-content\/uploads\/sites\/3\/2024\/04\/IMG_5773-1024x575.jpg\" \/><\/a>\n\t\t\t<\/div><\/figure><figure class='gallery-item'>\n\t\t\t<div class='gallery-icon portrait'>\n\t\t\t\t<a href='https:\/\/www.joaquinlois.com\/catedral-granada\/el-mueble-de-la-cadereta\/img_5779\/'><img loading=\"lazy\" decoding=\"async\" width=\"300\" height=\"300\" src=\"https:\/\/www.joaquinlois.com\/catedral-granada\/wp-content\/uploads\/sites\/3\/2024\/04\/IMG_5779-300x300.jpg\" class=\"attachment-thumbnail size-thumbnail\" alt=\"\" srcset=\"https:\/\/www.joaquinlois.com\/catedral-granada\/wp-content\/uploads\/sites\/3\/2024\/04\/IMG_5779-300x300.jpg 300w, https:\/\/www.joaquinlois.com\/catedral-granada\/wp-content\/uploads\/sites\/3\/2024\/04\/IMG_5779-400x400.jpg 400w\" sizes=\"auto, (max-width: 300px) 100vw, 300px\" data-attachment-id=\"4566\" data-permalink=\"https:\/\/www.joaquinlois.com\/catedral-granada\/el-mueble-de-la-cadereta\/img_5779\/\" data-orig-file=\"https:\/\/www.joaquinlois.com\/catedral-granada\/wp-content\/uploads\/sites\/3\/2024\/04\/IMG_5779.jpg\" data-orig-size=\"674,1200\" data-comments-opened=\"0\" data-image-meta=\"{&quot;aperture&quot;:&quot;2.8&quot;,&quot;credit&quot;:&quot;&quot;,&quot;camera&quot;:&quot;Canon PowerShot G7 X Mark II&quot;,&quot;caption&quot;:&quot;&quot;,&quot;created_timestamp&quot;:&quot;1702921438&quot;,&quot;copyright&quot;:&quot;&quot;,&quot;focal_length&quot;:&quot;22.337&quot;,&quot;iso&quot;:&quot;800&quot;,&quot;shutter_speed&quot;:&quot;0.025&quot;,&quot;title&quot;:&quot;&quot;,&quot;orientation&quot;:&quot;1&quot;,&quot;lens&quot;:&quot;8.8-36.8 mm&quot;}\" data-image-title=\"IMG_5779\" data-image-description=\"\" data-image-caption=\"\" data-medium-file=\"https:\/\/www.joaquinlois.com\/catedral-granada\/wp-content\/uploads\/sites\/3\/2024\/04\/IMG_5779-281x500.jpg\" data-large-file=\"https:\/\/www.joaquinlois.com\/catedral-granada\/wp-content\/uploads\/sites\/3\/2024\/04\/IMG_5779-575x1024.jpg\" \/><\/a>\n\t\t\t<\/div><\/figure><figure class='gallery-item'>\n\t\t\t<div class='gallery-icon portrait'>\n\t\t\t\t<a href='https:\/\/www.joaquinlois.com\/catedral-granada\/el-mueble-de-la-cadereta\/img_5133_1\/'><img loading=\"lazy\" decoding=\"async\" width=\"300\" height=\"300\" src=\"https:\/\/www.joaquinlois.com\/catedral-granada\/wp-content\/uploads\/sites\/3\/2024\/04\/IMG_5133_1-300x300.jpg\" class=\"attachment-thumbnail size-thumbnail\" alt=\"\" srcset=\"https:\/\/www.joaquinlois.com\/catedral-granada\/wp-content\/uploads\/sites\/3\/2024\/04\/IMG_5133_1-300x300.jpg 300w, https:\/\/www.joaquinlois.com\/catedral-granada\/wp-content\/uploads\/sites\/3\/2024\/04\/IMG_5133_1-400x400.jpg 400w\" sizes=\"auto, (max-width: 300px) 100vw, 300px\" data-attachment-id=\"4570\" data-permalink=\"https:\/\/www.joaquinlois.com\/catedral-granada\/el-mueble-de-la-cadereta\/img_5133_1\/\" data-orig-file=\"https:\/\/www.joaquinlois.com\/catedral-granada\/wp-content\/uploads\/sites\/3\/2024\/04\/IMG_5133_1.jpg\" data-orig-size=\"674,1200\" data-comments-opened=\"0\" data-image-meta=\"{&quot;aperture&quot;:&quot;0&quot;,&quot;credit&quot;:&quot;&quot;,&quot;camera&quot;:&quot;&quot;,&quot;caption&quot;:&quot;&quot;,&quot;created_timestamp&quot;:&quot;0&quot;,&quot;copyright&quot;:&quot;&quot;,&quot;focal_length&quot;:&quot;0&quot;,&quot;iso&quot;:&quot;0&quot;,&quot;shutter_speed&quot;:&quot;0&quot;,&quot;title&quot;:&quot;&quot;,&quot;orientation&quot;:&quot;0&quot;,&quot;lens&quot;:&quot;&quot;}\" data-image-title=\"IMG_5133_1\" data-image-description=\"\" data-image-caption=\"\" data-medium-file=\"https:\/\/www.joaquinlois.com\/catedral-granada\/wp-content\/uploads\/sites\/3\/2024\/04\/IMG_5133_1-281x500.jpg\" data-large-file=\"https:\/\/www.joaquinlois.com\/catedral-granada\/wp-content\/uploads\/sites\/3\/2024\/04\/IMG_5133_1-575x1024.jpg\" \/><\/a>\n\t\t\t<\/div><\/figure><figure class='gallery-item'>\n\t\t\t<div class='gallery-icon landscape'>\n\t\t\t\t<a href='https:\/\/www.joaquinlois.com\/catedral-granada\/el-mueble-de-la-cadereta\/img_5144\/'><img loading=\"lazy\" decoding=\"async\" width=\"300\" height=\"300\" src=\"https:\/\/www.joaquinlois.com\/catedral-granada\/wp-content\/uploads\/sites\/3\/2024\/04\/IMG_5144-300x300.jpg\" class=\"attachment-thumbnail size-thumbnail\" alt=\"\" srcset=\"https:\/\/www.joaquinlois.com\/catedral-granada\/wp-content\/uploads\/sites\/3\/2024\/04\/IMG_5144-300x300.jpg 300w, https:\/\/www.joaquinlois.com\/catedral-granada\/wp-content\/uploads\/sites\/3\/2024\/04\/IMG_5144-400x400.jpg 400w\" sizes=\"auto, (max-width: 300px) 100vw, 300px\" data-attachment-id=\"4571\" data-permalink=\"https:\/\/www.joaquinlois.com\/catedral-granada\/el-mueble-de-la-cadereta\/img_5144\/\" data-orig-file=\"https:\/\/www.joaquinlois.com\/catedral-granada\/wp-content\/uploads\/sites\/3\/2024\/04\/IMG_5144.jpg\" data-orig-size=\"1200,674\" data-comments-opened=\"0\" data-image-meta=\"{&quot;aperture&quot;:&quot;0&quot;,&quot;credit&quot;:&quot;&quot;,&quot;camera&quot;:&quot;&quot;,&quot;caption&quot;:&quot;&quot;,&quot;created_timestamp&quot;:&quot;0&quot;,&quot;copyright&quot;:&quot;&quot;,&quot;focal_length&quot;:&quot;0&quot;,&quot;iso&quot;:&quot;0&quot;,&quot;shutter_speed&quot;:&quot;0&quot;,&quot;title&quot;:&quot;&quot;,&quot;orientation&quot;:&quot;0&quot;,&quot;lens&quot;:&quot;&quot;}\" data-image-title=\"IMG_5144\" data-image-description=\"\" data-image-caption=\"\" data-medium-file=\"https:\/\/www.joaquinlois.com\/catedral-granada\/wp-content\/uploads\/sites\/3\/2024\/04\/IMG_5144-500x281.jpg\" data-large-file=\"https:\/\/www.joaquinlois.com\/catedral-granada\/wp-content\/uploads\/sites\/3\/2024\/04\/IMG_5144-1024x575.jpg\" \/><\/a>\n\t\t\t<\/div><\/figure>\n\t\t<\/div>\n\n\n\n\n<blockquote class=\"wp-block-quote is-layout-flow wp-block-quote-is-layout-flow\">\n<p><\/p>\n\n\n\n<p>A consecuencia de este desfase y tambi\u00e9n a contracciones de la madera la cara exterior presentaba una grieta de gran tama\u00f1o en la arista izquierda.<\/p>\n<\/blockquote>\n\n\n\n<div data-carousel-extra='{&quot;blog_id&quot;:3,&quot;permalink&quot;:&quot;https:\/\/www.joaquinlois.com\/catedral-granada\/el-mueble-de-la-cadereta\/&quot;}' id='gallery-3' class='gallery galleryid-3931 gallery-columns-3 gallery-size-thumbnail'><figure class='gallery-item'>\n\t\t\t<div class='gallery-icon portrait'>\n\t\t\t\t<a href='https:\/\/www.joaquinlois.com\/catedral-granada\/el-mueble-de-la-cadereta\/img_5686\/'><img loading=\"lazy\" decoding=\"async\" width=\"300\" height=\"300\" src=\"https:\/\/www.joaquinlois.com\/catedral-granada\/wp-content\/uploads\/sites\/3\/2024\/04\/IMG_5686-300x300.jpg\" class=\"attachment-thumbnail size-thumbnail\" alt=\"\" aria-describedby=\"gallery-3-4554\" srcset=\"https:\/\/www.joaquinlois.com\/catedral-granada\/wp-content\/uploads\/sites\/3\/2024\/04\/IMG_5686-300x300.jpg 300w, https:\/\/www.joaquinlois.com\/catedral-granada\/wp-content\/uploads\/sites\/3\/2024\/04\/IMG_5686-400x400.jpg 400w\" sizes=\"auto, (max-width: 300px) 100vw, 300px\" data-attachment-id=\"4554\" data-permalink=\"https:\/\/www.joaquinlois.com\/catedral-granada\/el-mueble-de-la-cadereta\/img_5686\/\" data-orig-file=\"https:\/\/www.joaquinlois.com\/catedral-granada\/wp-content\/uploads\/sites\/3\/2024\/04\/IMG_5686.jpg\" data-orig-size=\"951,1500\" data-comments-opened=\"0\" data-image-meta=\"{&quot;aperture&quot;:&quot;0&quot;,&quot;credit&quot;:&quot;&quot;,&quot;camera&quot;:&quot;&quot;,&quot;caption&quot;:&quot;&quot;,&quot;created_timestamp&quot;:&quot;0&quot;,&quot;copyright&quot;:&quot;&quot;,&quot;focal_length&quot;:&quot;0&quot;,&quot;iso&quot;:&quot;0&quot;,&quot;shutter_speed&quot;:&quot;0&quot;,&quot;title&quot;:&quot;&quot;,&quot;orientation&quot;:&quot;0&quot;,&quot;lens&quot;:&quot;&quot;}\" data-image-title=\"IMG_5686\" data-image-description=\"\" data-image-caption=\"&lt;p&gt;Antes de la restauraci\u00f3n&lt;\/p&gt;\n\" data-medium-file=\"https:\/\/www.joaquinlois.com\/catedral-granada\/wp-content\/uploads\/sites\/3\/2024\/04\/IMG_5686-317x500.jpg\" data-large-file=\"https:\/\/www.joaquinlois.com\/catedral-granada\/wp-content\/uploads\/sites\/3\/2024\/04\/IMG_5686-649x1024.jpg\" \/><\/a>\n\t\t\t<\/div>\n\t\t\t\t<figcaption class='wp-caption-text gallery-caption' id='gallery-3-4554'>\n\t\t\t\tAntes de la restauraci\u00f3n\n\t\t\t\t<\/figcaption><\/figure><figure class='gallery-item'>\n\t\t\t<div class='gallery-icon portrait'>\n\t\t\t\t<a href='https:\/\/www.joaquinlois.com\/catedral-granada\/el-mueble-de-la-cadereta\/img_5690\/'><img loading=\"lazy\" decoding=\"async\" width=\"300\" height=\"300\" src=\"https:\/\/www.joaquinlois.com\/catedral-granada\/wp-content\/uploads\/sites\/3\/2024\/04\/IMG_5690-300x300.jpg\" class=\"attachment-thumbnail size-thumbnail\" alt=\"\" aria-describedby=\"gallery-3-4555\" srcset=\"https:\/\/www.joaquinlois.com\/catedral-granada\/wp-content\/uploads\/sites\/3\/2024\/04\/IMG_5690-300x300.jpg 300w, https:\/\/www.joaquinlois.com\/catedral-granada\/wp-content\/uploads\/sites\/3\/2024\/04\/IMG_5690-400x400.jpg 400w\" sizes=\"auto, (max-width: 300px) 100vw, 300px\" data-attachment-id=\"4555\" data-permalink=\"https:\/\/www.joaquinlois.com\/catedral-granada\/el-mueble-de-la-cadereta\/img_5690\/\" data-orig-file=\"https:\/\/www.joaquinlois.com\/catedral-granada\/wp-content\/uploads\/sites\/3\/2024\/04\/IMG_5690.jpg\" data-orig-size=\"842,1500\" data-comments-opened=\"0\" data-image-meta=\"{&quot;aperture&quot;:&quot;0&quot;,&quot;credit&quot;:&quot;&quot;,&quot;camera&quot;:&quot;&quot;,&quot;caption&quot;:&quot;&quot;,&quot;created_timestamp&quot;:&quot;0&quot;,&quot;copyright&quot;:&quot;&quot;,&quot;focal_length&quot;:&quot;0&quot;,&quot;iso&quot;:&quot;0&quot;,&quot;shutter_speed&quot;:&quot;0&quot;,&quot;title&quot;:&quot;&quot;,&quot;orientation&quot;:&quot;0&quot;,&quot;lens&quot;:&quot;&quot;}\" data-image-title=\"IMG_5690\" data-image-description=\"\" data-image-caption=\"&lt;p&gt;Proceso de restauraci\u00f3n&lt;\/p&gt;\n\" data-medium-file=\"https:\/\/www.joaquinlois.com\/catedral-granada\/wp-content\/uploads\/sites\/3\/2024\/04\/IMG_5690-281x500.jpg\" data-large-file=\"https:\/\/www.joaquinlois.com\/catedral-granada\/wp-content\/uploads\/sites\/3\/2024\/04\/IMG_5690-575x1024.jpg\" \/><\/a>\n\t\t\t<\/div>\n\t\t\t\t<figcaption class='wp-caption-text gallery-caption' id='gallery-3-4555'>\n\t\t\t\tProceso de restauraci\u00f3n\n\t\t\t\t<\/figcaption><\/figure><figure class='gallery-item'>\n\t\t\t<div class='gallery-icon portrait'>\n\t\t\t\t<a href='https:\/\/www.joaquinlois.com\/catedral-granada\/el-mueble-de-la-cadereta\/img_5909\/'><img loading=\"lazy\" decoding=\"async\" width=\"300\" height=\"300\" src=\"https:\/\/www.joaquinlois.com\/catedral-granada\/wp-content\/uploads\/sites\/3\/2024\/04\/IMG_5909-300x300.jpg\" class=\"attachment-thumbnail size-thumbnail\" alt=\"\" aria-describedby=\"gallery-3-4556\" srcset=\"https:\/\/www.joaquinlois.com\/catedral-granada\/wp-content\/uploads\/sites\/3\/2024\/04\/IMG_5909-300x300.jpg 300w, https:\/\/www.joaquinlois.com\/catedral-granada\/wp-content\/uploads\/sites\/3\/2024\/04\/IMG_5909-400x400.jpg 400w\" sizes=\"auto, (max-width: 300px) 100vw, 300px\" data-attachment-id=\"4556\" data-permalink=\"https:\/\/www.joaquinlois.com\/catedral-granada\/el-mueble-de-la-cadereta\/img_5909\/\" data-orig-file=\"https:\/\/www.joaquinlois.com\/catedral-granada\/wp-content\/uploads\/sites\/3\/2024\/04\/IMG_5909.jpg\" data-orig-size=\"897,1500\" data-comments-opened=\"0\" data-image-meta=\"{&quot;aperture&quot;:&quot;0&quot;,&quot;credit&quot;:&quot;&quot;,&quot;camera&quot;:&quot;&quot;,&quot;caption&quot;:&quot;&quot;,&quot;created_timestamp&quot;:&quot;0&quot;,&quot;copyright&quot;:&quot;&quot;,&quot;focal_length&quot;:&quot;0&quot;,&quot;iso&quot;:&quot;0&quot;,&quot;shutter_speed&quot;:&quot;0&quot;,&quot;title&quot;:&quot;&quot;,&quot;orientation&quot;:&quot;0&quot;,&quot;lens&quot;:&quot;&quot;}\" data-image-title=\"IMG_5909\" data-image-description=\"\" data-image-caption=\"&lt;p&gt;Restaurado&lt;\/p&gt;\n\" data-medium-file=\"https:\/\/www.joaquinlois.com\/catedral-granada\/wp-content\/uploads\/sites\/3\/2024\/04\/IMG_5909-299x500.jpg\" data-large-file=\"https:\/\/www.joaquinlois.com\/catedral-granada\/wp-content\/uploads\/sites\/3\/2024\/04\/IMG_5909-612x1024.jpg\" \/><\/a>\n\t\t\t<\/div>\n\t\t\t\t<figcaption class='wp-caption-text gallery-caption' id='gallery-3-4556'>\n\t\t\t\tRestaurado\n\t\t\t\t<\/figcaption><\/figure>\n\t\t<\/div>\n\n\n\n\n<p><\/p>\n\n\n\n<blockquote class=\"wp-block-quote is-layout-flow wp-block-quote-is-layout-flow\">\n<p>Reintegraci\u00f3n volum\u00e9trica y de policrom\u00eda<\/p>\n<\/blockquote>\n\n\n\n<div data-carousel-extra='{&quot;blog_id&quot;:3,&quot;permalink&quot;:&quot;https:\/\/www.joaquinlois.com\/catedral-granada\/el-mueble-de-la-cadereta\/&quot;}' id='gallery-4' class='gallery galleryid-3931 gallery-columns-3 gallery-size-thumbnail'><figure class='gallery-item'>\n\t\t\t<div class='gallery-icon portrait'>\n\t\t\t\t<a href='https:\/\/www.joaquinlois.com\/catedral-granada\/el-mueble-de-la-cadereta\/patologias-2\/'><img loading=\"lazy\" decoding=\"async\" width=\"300\" height=\"300\" src=\"https:\/\/www.joaquinlois.com\/catedral-granada\/wp-content\/uploads\/sites\/3\/2024\/04\/patologias-300x300.jpg\" class=\"attachment-thumbnail size-thumbnail\" alt=\"\" srcset=\"https:\/\/www.joaquinlois.com\/catedral-granada\/wp-content\/uploads\/sites\/3\/2024\/04\/patologias-300x300.jpg 300w, https:\/\/www.joaquinlois.com\/catedral-granada\/wp-content\/uploads\/sites\/3\/2024\/04\/patologias-400x400.jpg 400w\" sizes=\"auto, (max-width: 300px) 100vw, 300px\" data-attachment-id=\"4557\" data-permalink=\"https:\/\/www.joaquinlois.com\/catedral-granada\/el-mueble-de-la-cadereta\/patologias-2\/\" data-orig-file=\"https:\/\/www.joaquinlois.com\/catedral-granada\/wp-content\/uploads\/sites\/3\/2024\/04\/patologias.jpg\" data-orig-size=\"683,1000\" data-comments-opened=\"0\" data-image-meta=\"{&quot;aperture&quot;:&quot;0&quot;,&quot;credit&quot;:&quot;&quot;,&quot;camera&quot;:&quot;&quot;,&quot;caption&quot;:&quot;&quot;,&quot;created_timestamp&quot;:&quot;0&quot;,&quot;copyright&quot;:&quot;&quot;,&quot;focal_length&quot;:&quot;0&quot;,&quot;iso&quot;:&quot;0&quot;,&quot;shutter_speed&quot;:&quot;0&quot;,&quot;title&quot;:&quot;&quot;,&quot;orientation&quot;:&quot;0&quot;,&quot;lens&quot;:&quot;&quot;}\" data-image-title=\"patologias\" data-image-description=\"\" data-image-caption=\"\" data-medium-file=\"https:\/\/www.joaquinlois.com\/catedral-granada\/wp-content\/uploads\/sites\/3\/2024\/04\/patologias-342x500.jpg\" data-large-file=\"https:\/\/www.joaquinlois.com\/catedral-granada\/wp-content\/uploads\/sites\/3\/2024\/04\/patologias.jpg\" \/><\/a>\n\t\t\t<\/div><\/figure><figure class='gallery-item'>\n\t\t\t<div class='gallery-icon landscape'>\n\t\t\t\t<a href='https:\/\/www.joaquinlois.com\/catedral-granada\/el-mueble-de-la-cadereta\/img_5903\/'><img loading=\"lazy\" decoding=\"async\" width=\"300\" height=\"300\" src=\"https:\/\/www.joaquinlois.com\/catedral-granada\/wp-content\/uploads\/sites\/3\/2024\/04\/IMG_5903-300x300.jpg\" class=\"attachment-thumbnail size-thumbnail\" alt=\"\" srcset=\"https:\/\/www.joaquinlois.com\/catedral-granada\/wp-content\/uploads\/sites\/3\/2024\/04\/IMG_5903-300x300.jpg 300w, https:\/\/www.joaquinlois.com\/catedral-granada\/wp-content\/uploads\/sites\/3\/2024\/04\/IMG_5903-400x400.jpg 400w\" sizes=\"auto, (max-width: 300px) 100vw, 300px\" data-attachment-id=\"4562\" data-permalink=\"https:\/\/www.joaquinlois.com\/catedral-granada\/el-mueble-de-la-cadereta\/img_5903\/\" data-orig-file=\"https:\/\/www.joaquinlois.com\/catedral-granada\/wp-content\/uploads\/sites\/3\/2024\/04\/IMG_5903.jpg\" data-orig-size=\"1200,741\" data-comments-opened=\"0\" data-image-meta=\"{&quot;aperture&quot;:&quot;0&quot;,&quot;credit&quot;:&quot;&quot;,&quot;camera&quot;:&quot;&quot;,&quot;caption&quot;:&quot;&quot;,&quot;created_timestamp&quot;:&quot;0&quot;,&quot;copyright&quot;:&quot;&quot;,&quot;focal_length&quot;:&quot;0&quot;,&quot;iso&quot;:&quot;0&quot;,&quot;shutter_speed&quot;:&quot;0&quot;,&quot;title&quot;:&quot;&quot;,&quot;orientation&quot;:&quot;0&quot;,&quot;lens&quot;:&quot;&quot;}\" data-image-title=\"IMG_5903\" data-image-description=\"\" data-image-caption=\"\" data-medium-file=\"https:\/\/www.joaquinlois.com\/catedral-granada\/wp-content\/uploads\/sites\/3\/2024\/04\/IMG_5903-500x309.jpg\" data-large-file=\"https:\/\/www.joaquinlois.com\/catedral-granada\/wp-content\/uploads\/sites\/3\/2024\/04\/IMG_5903-1024x632.jpg\" \/><\/a>\n\t\t\t<\/div><\/figure><figure class='gallery-item'>\n\t\t\t<div class='gallery-icon portrait'>\n\t\t\t\t<a href='https:\/\/www.joaquinlois.com\/catedral-granada\/el-mueble-de-la-cadereta\/img_5915\/'><img loading=\"lazy\" decoding=\"async\" width=\"300\" height=\"300\" src=\"https:\/\/www.joaquinlois.com\/catedral-granada\/wp-content\/uploads\/sites\/3\/2024\/04\/IMG_5915-300x300.jpg\" class=\"attachment-thumbnail size-thumbnail\" alt=\"\" srcset=\"https:\/\/www.joaquinlois.com\/catedral-granada\/wp-content\/uploads\/sites\/3\/2024\/04\/IMG_5915-300x300.jpg 300w, https:\/\/www.joaquinlois.com\/catedral-granada\/wp-content\/uploads\/sites\/3\/2024\/04\/IMG_5915-400x400.jpg 400w\" sizes=\"auto, (max-width: 300px) 100vw, 300px\" data-attachment-id=\"4561\" data-permalink=\"https:\/\/www.joaquinlois.com\/catedral-granada\/el-mueble-de-la-cadereta\/img_5915\/\" data-orig-file=\"https:\/\/www.joaquinlois.com\/catedral-granada\/wp-content\/uploads\/sites\/3\/2024\/04\/IMG_5915.jpg\" data-orig-size=\"842,1500\" data-comments-opened=\"0\" data-image-meta=\"{&quot;aperture&quot;:&quot;0&quot;,&quot;credit&quot;:&quot;&quot;,&quot;camera&quot;:&quot;&quot;,&quot;caption&quot;:&quot;&quot;,&quot;created_timestamp&quot;:&quot;0&quot;,&quot;copyright&quot;:&quot;&quot;,&quot;focal_length&quot;:&quot;0&quot;,&quot;iso&quot;:&quot;0&quot;,&quot;shutter_speed&quot;:&quot;0&quot;,&quot;title&quot;:&quot;&quot;,&quot;orientation&quot;:&quot;0&quot;,&quot;lens&quot;:&quot;&quot;}\" data-image-title=\"IMG_5915\" data-image-description=\"\" data-image-caption=\"\" data-medium-file=\"https:\/\/www.joaquinlois.com\/catedral-granada\/wp-content\/uploads\/sites\/3\/2024\/04\/IMG_5915-281x500.jpg\" data-large-file=\"https:\/\/www.joaquinlois.com\/catedral-granada\/wp-content\/uploads\/sites\/3\/2024\/04\/IMG_5915-575x1024.jpg\" \/><\/a>\n\t\t\t<\/div><\/figure><figure class='gallery-item'>\n\t\t\t<div class='gallery-icon landscape'>\n\t\t\t\t<a href='https:\/\/www.joaquinlois.com\/catedral-granada\/el-mueble-de-la-cadereta\/img_5846\/'><img loading=\"lazy\" decoding=\"async\" width=\"300\" height=\"300\" src=\"https:\/\/www.joaquinlois.com\/catedral-granada\/wp-content\/uploads\/sites\/3\/2024\/04\/IMG_5846-300x300.jpg\" class=\"attachment-thumbnail size-thumbnail\" alt=\"\" srcset=\"https:\/\/www.joaquinlois.com\/catedral-granada\/wp-content\/uploads\/sites\/3\/2024\/04\/IMG_5846-300x300.jpg 300w, https:\/\/www.joaquinlois.com\/catedral-granada\/wp-content\/uploads\/sites\/3\/2024\/04\/IMG_5846-400x400.jpg 400w\" sizes=\"auto, (max-width: 300px) 100vw, 300px\" data-attachment-id=\"4575\" data-permalink=\"https:\/\/www.joaquinlois.com\/catedral-granada\/el-mueble-de-la-cadereta\/img_5846\/\" data-orig-file=\"https:\/\/www.joaquinlois.com\/catedral-granada\/wp-content\/uploads\/sites\/3\/2024\/04\/IMG_5846.jpg\" data-orig-size=\"1200,674\" data-comments-opened=\"0\" data-image-meta=\"{&quot;aperture&quot;:&quot;0&quot;,&quot;credit&quot;:&quot;&quot;,&quot;camera&quot;:&quot;&quot;,&quot;caption&quot;:&quot;&quot;,&quot;created_timestamp&quot;:&quot;0&quot;,&quot;copyright&quot;:&quot;&quot;,&quot;focal_length&quot;:&quot;0&quot;,&quot;iso&quot;:&quot;0&quot;,&quot;shutter_speed&quot;:&quot;0&quot;,&quot;title&quot;:&quot;&quot;,&quot;orientation&quot;:&quot;0&quot;,&quot;lens&quot;:&quot;&quot;}\" data-image-title=\"IMG_5846\" data-image-description=\"\" data-image-caption=\"\" data-medium-file=\"https:\/\/www.joaquinlois.com\/catedral-granada\/wp-content\/uploads\/sites\/3\/2024\/04\/IMG_5846-500x281.jpg\" data-large-file=\"https:\/\/www.joaquinlois.com\/catedral-granada\/wp-content\/uploads\/sites\/3\/2024\/04\/IMG_5846-1024x575.jpg\" \/><\/a>\n\t\t\t<\/div><\/figure><figure class='gallery-item'>\n\t\t\t<div class='gallery-icon landscape'>\n\t\t\t\t<a href='https:\/\/www.joaquinlois.com\/catedral-granada\/el-mueble-de-la-cadereta\/img_5878\/'><img loading=\"lazy\" decoding=\"async\" width=\"300\" height=\"300\" src=\"https:\/\/www.joaquinlois.com\/catedral-granada\/wp-content\/uploads\/sites\/3\/2024\/04\/IMG_5878-300x300.jpg\" class=\"attachment-thumbnail size-thumbnail\" alt=\"\" srcset=\"https:\/\/www.joaquinlois.com\/catedral-granada\/wp-content\/uploads\/sites\/3\/2024\/04\/IMG_5878-300x300.jpg 300w, https:\/\/www.joaquinlois.com\/catedral-granada\/wp-content\/uploads\/sites\/3\/2024\/04\/IMG_5878-400x400.jpg 400w\" sizes=\"auto, (max-width: 300px) 100vw, 300px\" data-attachment-id=\"4577\" data-permalink=\"https:\/\/www.joaquinlois.com\/catedral-granada\/el-mueble-de-la-cadereta\/img_5878\/\" data-orig-file=\"https:\/\/www.joaquinlois.com\/catedral-granada\/wp-content\/uploads\/sites\/3\/2024\/04\/IMG_5878.jpg\" data-orig-size=\"1200,674\" data-comments-opened=\"0\" data-image-meta=\"{&quot;aperture&quot;:&quot;0&quot;,&quot;credit&quot;:&quot;&quot;,&quot;camera&quot;:&quot;&quot;,&quot;caption&quot;:&quot;&quot;,&quot;created_timestamp&quot;:&quot;0&quot;,&quot;copyright&quot;:&quot;&quot;,&quot;focal_length&quot;:&quot;0&quot;,&quot;iso&quot;:&quot;0&quot;,&quot;shutter_speed&quot;:&quot;0&quot;,&quot;title&quot;:&quot;&quot;,&quot;orientation&quot;:&quot;0&quot;,&quot;lens&quot;:&quot;&quot;}\" data-image-title=\"IMG_5878\" data-image-description=\"\" data-image-caption=\"\" data-medium-file=\"https:\/\/www.joaquinlois.com\/catedral-granada\/wp-content\/uploads\/sites\/3\/2024\/04\/IMG_5878-500x281.jpg\" data-large-file=\"https:\/\/www.joaquinlois.com\/catedral-granada\/wp-content\/uploads\/sites\/3\/2024\/04\/IMG_5878-1024x575.jpg\" \/><\/a>\n\t\t\t<\/div><\/figure><figure class='gallery-item'>\n\t\t\t<div class='gallery-icon landscape'>\n\t\t\t\t<a href='https:\/\/www.joaquinlois.com\/catedral-granada\/el-mueble-de-la-cadereta\/img_5849\/'><img loading=\"lazy\" decoding=\"async\" width=\"300\" height=\"300\" src=\"https:\/\/www.joaquinlois.com\/catedral-granada\/wp-content\/uploads\/sites\/3\/2024\/04\/IMG_5849-300x300.jpg\" class=\"attachment-thumbnail size-thumbnail\" alt=\"\" srcset=\"https:\/\/www.joaquinlois.com\/catedral-granada\/wp-content\/uploads\/sites\/3\/2024\/04\/IMG_5849-300x300.jpg 300w, https:\/\/www.joaquinlois.com\/catedral-granada\/wp-content\/uploads\/sites\/3\/2024\/04\/IMG_5849-400x400.jpg 400w\" sizes=\"auto, (max-width: 300px) 100vw, 300px\" data-attachment-id=\"4576\" data-permalink=\"https:\/\/www.joaquinlois.com\/catedral-granada\/el-mueble-de-la-cadereta\/img_5849\/\" data-orig-file=\"https:\/\/www.joaquinlois.com\/catedral-granada\/wp-content\/uploads\/sites\/3\/2024\/04\/IMG_5849.jpg\" data-orig-size=\"1200,808\" data-comments-opened=\"0\" data-image-meta=\"{&quot;aperture&quot;:&quot;0&quot;,&quot;credit&quot;:&quot;&quot;,&quot;camera&quot;:&quot;&quot;,&quot;caption&quot;:&quot;&quot;,&quot;created_timestamp&quot;:&quot;0&quot;,&quot;copyright&quot;:&quot;&quot;,&quot;focal_length&quot;:&quot;0&quot;,&quot;iso&quot;:&quot;0&quot;,&quot;shutter_speed&quot;:&quot;0&quot;,&quot;title&quot;:&quot;&quot;,&quot;orientation&quot;:&quot;0&quot;,&quot;lens&quot;:&quot;&quot;}\" data-image-title=\"IMG_5849\" data-image-description=\"\" data-image-caption=\"\" data-medium-file=\"https:\/\/www.joaquinlois.com\/catedral-granada\/wp-content\/uploads\/sites\/3\/2024\/04\/IMG_5849-500x337.jpg\" data-large-file=\"https:\/\/www.joaquinlois.com\/catedral-granada\/wp-content\/uploads\/sites\/3\/2024\/04\/IMG_5849-1024x689.jpg\" \/><\/a>\n\t\t\t<\/div><\/figure><figure class='gallery-item'>\n\t\t\t<div class='gallery-icon landscape'>\n\t\t\t\t<a href='https:\/\/www.joaquinlois.com\/catedral-granada\/el-mueble-de-la-cadereta\/img_5850\/'><img loading=\"lazy\" decoding=\"async\" width=\"300\" height=\"300\" src=\"https:\/\/www.joaquinlois.com\/catedral-granada\/wp-content\/uploads\/sites\/3\/2024\/04\/IMG_5850-300x300.jpg\" class=\"attachment-thumbnail size-thumbnail\" alt=\"\" srcset=\"https:\/\/www.joaquinlois.com\/catedral-granada\/wp-content\/uploads\/sites\/3\/2024\/04\/IMG_5850-300x300.jpg 300w, https:\/\/www.joaquinlois.com\/catedral-granada\/wp-content\/uploads\/sites\/3\/2024\/04\/IMG_5850-400x400.jpg 400w\" sizes=\"auto, (max-width: 300px) 100vw, 300px\" data-attachment-id=\"4579\" data-permalink=\"https:\/\/www.joaquinlois.com\/catedral-granada\/el-mueble-de-la-cadereta\/img_5850\/\" data-orig-file=\"https:\/\/www.joaquinlois.com\/catedral-granada\/wp-content\/uploads\/sites\/3\/2024\/04\/IMG_5850.jpg\" data-orig-size=\"1200,674\" data-comments-opened=\"0\" data-image-meta=\"{&quot;aperture&quot;:&quot;0&quot;,&quot;credit&quot;:&quot;&quot;,&quot;camera&quot;:&quot;&quot;,&quot;caption&quot;:&quot;&quot;,&quot;created_timestamp&quot;:&quot;0&quot;,&quot;copyright&quot;:&quot;&quot;,&quot;focal_length&quot;:&quot;0&quot;,&quot;iso&quot;:&quot;0&quot;,&quot;shutter_speed&quot;:&quot;0&quot;,&quot;title&quot;:&quot;&quot;,&quot;orientation&quot;:&quot;0&quot;,&quot;lens&quot;:&quot;&quot;}\" data-image-title=\"IMG_5850\" data-image-description=\"\" data-image-caption=\"\" data-medium-file=\"https:\/\/www.joaquinlois.com\/catedral-granada\/wp-content\/uploads\/sites\/3\/2024\/04\/IMG_5850-500x281.jpg\" data-large-file=\"https:\/\/www.joaquinlois.com\/catedral-granada\/wp-content\/uploads\/sites\/3\/2024\/04\/IMG_5850-1024x575.jpg\" \/><\/a>\n\t\t\t<\/div><\/figure><figure class='gallery-item'>\n\t\t\t<div class='gallery-icon landscape'>\n\t\t\t\t<a href='https:\/\/www.joaquinlois.com\/catedral-granada\/el-mueble-de-la-cadereta\/img_5919\/'><img loading=\"lazy\" decoding=\"async\" width=\"300\" height=\"300\" src=\"https:\/\/www.joaquinlois.com\/catedral-granada\/wp-content\/uploads\/sites\/3\/2024\/04\/IMG_5919-300x300.jpg\" class=\"attachment-thumbnail size-thumbnail\" alt=\"\" aria-describedby=\"gallery-4-4574\" srcset=\"https:\/\/www.joaquinlois.com\/catedral-granada\/wp-content\/uploads\/sites\/3\/2024\/04\/IMG_5919-300x300.jpg 300w, https:\/\/www.joaquinlois.com\/catedral-granada\/wp-content\/uploads\/sites\/3\/2024\/04\/IMG_5919-400x400.jpg 400w\" sizes=\"auto, (max-width: 300px) 100vw, 300px\" data-attachment-id=\"4574\" data-permalink=\"https:\/\/www.joaquinlois.com\/catedral-granada\/el-mueble-de-la-cadereta\/img_5919\/\" data-orig-file=\"https:\/\/www.joaquinlois.com\/catedral-granada\/wp-content\/uploads\/sites\/3\/2024\/04\/IMG_5919.jpg\" data-orig-size=\"1200,674\" data-comments-opened=\"0\" data-image-meta=\"{&quot;aperture&quot;:&quot;0&quot;,&quot;credit&quot;:&quot;&quot;,&quot;camera&quot;:&quot;&quot;,&quot;caption&quot;:&quot;&quot;,&quot;created_timestamp&quot;:&quot;0&quot;,&quot;copyright&quot;:&quot;&quot;,&quot;focal_length&quot;:&quot;0&quot;,&quot;iso&quot;:&quot;0&quot;,&quot;shutter_speed&quot;:&quot;0&quot;,&quot;title&quot;:&quot;&quot;,&quot;orientation&quot;:&quot;0&quot;,&quot;lens&quot;:&quot;&quot;}\" data-image-title=\"IMG_5919\" data-image-description=\"\" data-image-caption=\"&lt;p&gt;Despu\u00e9s de la restauraci\u00f3n&lt;\/p&gt;\n\" data-medium-file=\"https:\/\/www.joaquinlois.com\/catedral-granada\/wp-content\/uploads\/sites\/3\/2024\/04\/IMG_5919-500x281.jpg\" data-large-file=\"https:\/\/www.joaquinlois.com\/catedral-granada\/wp-content\/uploads\/sites\/3\/2024\/04\/IMG_5919-1024x575.jpg\" \/><\/a>\n\t\t\t<\/div>\n\t\t\t\t<figcaption class='wp-caption-text gallery-caption' id='gallery-4-4574'>\n\t\t\t\tDespu\u00e9s de la restauraci\u00f3n\n\t\t\t\t<\/figcaption><\/figure>\n\t\t<\/div>\n\n\n\n\n<p><\/p>\n\n\n\n<p>Tanto el tratamiento del soporte como la reintegraci\u00f3n crom\u00e1tica ha permitido la recuperaci\u00f3n de este cuerpo tan importante y cercano al espectador.<\/p>\n\n\n\n<p><\/p>\n\n\n\n<div data-carousel-extra='{&quot;blog_id&quot;:3,&quot;permalink&quot;:&quot;https:\/\/www.joaquinlois.com\/catedral-granada\/el-mueble-de-la-cadereta\/&quot;}' id='gallery-5' class='gallery galleryid-3931 gallery-columns-3 gallery-size-thumbnail'><figure class='gallery-item'>\n\t\t\t<div class='gallery-icon portrait'>\n\t\t\t\t<a href='https:\/\/www.joaquinlois.com\/catedral-granada\/el-mueble-de-la-cadereta\/img_6427_1\/'><img loading=\"lazy\" decoding=\"async\" width=\"300\" height=\"300\" src=\"https:\/\/www.joaquinlois.com\/catedral-granada\/wp-content\/uploads\/sites\/3\/2024\/04\/IMG_6427_1-300x300.jpg\" class=\"attachment-thumbnail size-thumbnail\" alt=\"\" aria-describedby=\"gallery-5-4587\" srcset=\"https:\/\/www.joaquinlois.com\/catedral-granada\/wp-content\/uploads\/sites\/3\/2024\/04\/IMG_6427_1-300x300.jpg 300w, https:\/\/www.joaquinlois.com\/catedral-granada\/wp-content\/uploads\/sites\/3\/2024\/04\/IMG_6427_1-400x400.jpg 400w\" sizes=\"auto, (max-width: 300px) 100vw, 300px\" data-attachment-id=\"4587\" data-permalink=\"https:\/\/www.joaquinlois.com\/catedral-granada\/el-mueble-de-la-cadereta\/img_6427_1\/\" data-orig-file=\"https:\/\/www.joaquinlois.com\/catedral-granada\/wp-content\/uploads\/sites\/3\/2024\/04\/IMG_6427_1.jpg\" data-orig-size=\"1121,1200\" data-comments-opened=\"0\" data-image-meta=\"{&quot;aperture&quot;:&quot;0&quot;,&quot;credit&quot;:&quot;&quot;,&quot;camera&quot;:&quot;&quot;,&quot;caption&quot;:&quot;&quot;,&quot;created_timestamp&quot;:&quot;0&quot;,&quot;copyright&quot;:&quot;&quot;,&quot;focal_length&quot;:&quot;0&quot;,&quot;iso&quot;:&quot;0&quot;,&quot;shutter_speed&quot;:&quot;0&quot;,&quot;title&quot;:&quot;&quot;,&quot;orientation&quot;:&quot;0&quot;,&quot;lens&quot;:&quot;&quot;}\" data-image-title=\"IMG_6427_1\" data-image-description=\"\" data-image-caption=\"&lt;p&gt;Despu\u00e9s de la restauraci\u00f3n&lt;\/p&gt;\n\" data-medium-file=\"https:\/\/www.joaquinlois.com\/catedral-granada\/wp-content\/uploads\/sites\/3\/2024\/04\/IMG_6427_1-467x500.jpg\" data-large-file=\"https:\/\/www.joaquinlois.com\/catedral-granada\/wp-content\/uploads\/sites\/3\/2024\/04\/IMG_6427_1-957x1024.jpg\" \/><\/a>\n\t\t\t<\/div>\n\t\t\t\t<figcaption class='wp-caption-text gallery-caption' id='gallery-5-4587'>\n\t\t\t\tDespu\u00e9s de la restauraci\u00f3n\n\t\t\t\t<\/figcaption><\/figure><figure class='gallery-item'>\n\t\t\t<div class='gallery-icon landscape'>\n\t\t\t\t<a href='https:\/\/www.joaquinlois.com\/catedral-granada\/el-mueble-de-la-cadereta\/_mg_3607\/'><img loading=\"lazy\" decoding=\"async\" width=\"300\" height=\"300\" src=\"https:\/\/www.joaquinlois.com\/catedral-granada\/wp-content\/uploads\/sites\/3\/2024\/06\/MG_3607-300x300.jpg\" class=\"attachment-thumbnail size-thumbnail\" alt=\"\" aria-describedby=\"gallery-5-4854\" srcset=\"https:\/\/www.joaquinlois.com\/catedral-granada\/wp-content\/uploads\/sites\/3\/2024\/06\/MG_3607-300x300.jpg 300w, https:\/\/www.joaquinlois.com\/catedral-granada\/wp-content\/uploads\/sites\/3\/2024\/06\/MG_3607-400x400.jpg 400w\" sizes=\"auto, (max-width: 300px) 100vw, 300px\" data-attachment-id=\"4854\" data-permalink=\"https:\/\/www.joaquinlois.com\/catedral-granada\/el-mueble-de-la-cadereta\/_mg_3607\/\" data-orig-file=\"https:\/\/www.joaquinlois.com\/catedral-granada\/wp-content\/uploads\/sites\/3\/2024\/06\/MG_3607.jpg\" data-orig-size=\"1300,867\" data-comments-opened=\"0\" data-image-meta=\"{&quot;aperture&quot;:&quot;0&quot;,&quot;credit&quot;:&quot;&quot;,&quot;camera&quot;:&quot;&quot;,&quot;caption&quot;:&quot;&quot;,&quot;created_timestamp&quot;:&quot;0&quot;,&quot;copyright&quot;:&quot;&quot;,&quot;focal_length&quot;:&quot;0&quot;,&quot;iso&quot;:&quot;0&quot;,&quot;shutter_speed&quot;:&quot;0&quot;,&quot;title&quot;:&quot;&quot;,&quot;orientation&quot;:&quot;0&quot;,&quot;lens&quot;:&quot;&quot;}\" data-image-title=\"_MG_3607\" data-image-description=\"\" data-image-caption=\"&lt;p&gt;Despu\u00e9s de la restauraci\u00f3n&lt;\/p&gt;\n\" data-medium-file=\"https:\/\/www.joaquinlois.com\/catedral-granada\/wp-content\/uploads\/sites\/3\/2024\/06\/MG_3607-500x333.jpg\" data-large-file=\"https:\/\/www.joaquinlois.com\/catedral-granada\/wp-content\/uploads\/sites\/3\/2024\/06\/MG_3607-1024x683.jpg\" \/><\/a>\n\t\t\t<\/div>\n\t\t\t\t<figcaption class='wp-caption-text gallery-caption' id='gallery-5-4854'>\n\t\t\t\tDespu\u00e9s de la restauraci\u00f3n\n\t\t\t\t<\/figcaption><\/figure><figure class='gallery-item'>\n\t\t\t<div class='gallery-icon landscape'>\n\t\t\t\t<a href='https:\/\/www.joaquinlois.com\/catedral-granada\/el-mueble-de-la-cadereta\/_mg_3609\/'><img loading=\"lazy\" decoding=\"async\" width=\"300\" height=\"300\" src=\"https:\/\/www.joaquinlois.com\/catedral-granada\/wp-content\/uploads\/sites\/3\/2024\/06\/MG_3609-300x300.jpg\" class=\"attachment-thumbnail size-thumbnail\" alt=\"\" aria-describedby=\"gallery-5-4855\" srcset=\"https:\/\/www.joaquinlois.com\/catedral-granada\/wp-content\/uploads\/sites\/3\/2024\/06\/MG_3609-300x300.jpg 300w, https:\/\/www.joaquinlois.com\/catedral-granada\/wp-content\/uploads\/sites\/3\/2024\/06\/MG_3609-400x400.jpg 400w\" sizes=\"auto, (max-width: 300px) 100vw, 300px\" data-attachment-id=\"4855\" data-permalink=\"https:\/\/www.joaquinlois.com\/catedral-granada\/el-mueble-de-la-cadereta\/_mg_3609\/\" data-orig-file=\"https:\/\/www.joaquinlois.com\/catedral-granada\/wp-content\/uploads\/sites\/3\/2024\/06\/MG_3609.jpg\" data-orig-size=\"1300,867\" data-comments-opened=\"0\" data-image-meta=\"{&quot;aperture&quot;:&quot;0&quot;,&quot;credit&quot;:&quot;&quot;,&quot;camera&quot;:&quot;&quot;,&quot;caption&quot;:&quot;&quot;,&quot;created_timestamp&quot;:&quot;0&quot;,&quot;copyright&quot;:&quot;&quot;,&quot;focal_length&quot;:&quot;0&quot;,&quot;iso&quot;:&quot;0&quot;,&quot;shutter_speed&quot;:&quot;0&quot;,&quot;title&quot;:&quot;&quot;,&quot;orientation&quot;:&quot;0&quot;,&quot;lens&quot;:&quot;&quot;}\" data-image-title=\"_MG_3609\" data-image-description=\"\" data-image-caption=\"&lt;p&gt;Despu\u00e9s de la restauraci\u00f3n&lt;\/p&gt;\n\" data-medium-file=\"https:\/\/www.joaquinlois.com\/catedral-granada\/wp-content\/uploads\/sites\/3\/2024\/06\/MG_3609-500x333.jpg\" data-large-file=\"https:\/\/www.joaquinlois.com\/catedral-granada\/wp-content\/uploads\/sites\/3\/2024\/06\/MG_3609-1024x683.jpg\" \/><\/a>\n\t\t\t<\/div>\n\t\t\t\t<figcaption class='wp-caption-text gallery-caption' id='gallery-5-4855'>\n\t\t\t\tDespu\u00e9s de la restauraci\u00f3n\n\t\t\t\t<\/figcaption><\/figure><figure class='gallery-item'>\n\t\t\t<div class='gallery-icon landscape'>\n\t\t\t\t<a href='https:\/\/www.joaquinlois.com\/catedral-granada\/el-mueble-de-la-cadereta\/img_6419_1\/'><img loading=\"lazy\" decoding=\"async\" width=\"300\" height=\"300\" src=\"https:\/\/www.joaquinlois.com\/catedral-granada\/wp-content\/uploads\/sites\/3\/2024\/04\/IMG_6419_1-300x300.jpg\" class=\"attachment-thumbnail size-thumbnail\" alt=\"\" aria-describedby=\"gallery-5-4586\" srcset=\"https:\/\/www.joaquinlois.com\/catedral-granada\/wp-content\/uploads\/sites\/3\/2024\/04\/IMG_6419_1-300x300.jpg 300w, https:\/\/www.joaquinlois.com\/catedral-granada\/wp-content\/uploads\/sites\/3\/2024\/04\/IMG_6419_1-400x400.jpg 400w\" sizes=\"auto, (max-width: 300px) 100vw, 300px\" data-attachment-id=\"4586\" data-permalink=\"https:\/\/www.joaquinlois.com\/catedral-granada\/el-mueble-de-la-cadereta\/img_6419_1\/\" data-orig-file=\"https:\/\/www.joaquinlois.com\/catedral-granada\/wp-content\/uploads\/sites\/3\/2024\/04\/IMG_6419_1.jpg\" data-orig-size=\"1200,674\" data-comments-opened=\"0\" data-image-meta=\"{&quot;aperture&quot;:&quot;0&quot;,&quot;credit&quot;:&quot;&quot;,&quot;camera&quot;:&quot;&quot;,&quot;caption&quot;:&quot;&quot;,&quot;created_timestamp&quot;:&quot;0&quot;,&quot;copyright&quot;:&quot;&quot;,&quot;focal_length&quot;:&quot;0&quot;,&quot;iso&quot;:&quot;0&quot;,&quot;shutter_speed&quot;:&quot;0&quot;,&quot;title&quot;:&quot;&quot;,&quot;orientation&quot;:&quot;0&quot;,&quot;lens&quot;:&quot;&quot;}\" data-image-title=\"IMG_6419_1\" data-image-description=\"\" data-image-caption=\"&lt;p&gt;Despu\u00e9s de la restauraci\u00f3n&lt;\/p&gt;\n\" data-medium-file=\"https:\/\/www.joaquinlois.com\/catedral-granada\/wp-content\/uploads\/sites\/3\/2024\/04\/IMG_6419_1-500x281.jpg\" data-large-file=\"https:\/\/www.joaquinlois.com\/catedral-granada\/wp-content\/uploads\/sites\/3\/2024\/04\/IMG_6419_1-1024x575.jpg\" \/><\/a>\n\t\t\t<\/div>\n\t\t\t\t<figcaption class='wp-caption-text gallery-caption' id='gallery-5-4586'>\n\t\t\t\tDespu\u00e9s de la restauraci\u00f3n\n\t\t\t\t<\/figcaption><\/figure><figure class='gallery-item'>\n\t\t\t<div class='gallery-icon landscape'>\n\t\t\t\t<a href='https:\/\/www.joaquinlois.com\/catedral-granada\/el-mueble-de-la-cadereta\/img_5919\/'><img loading=\"lazy\" decoding=\"async\" width=\"300\" height=\"300\" src=\"https:\/\/www.joaquinlois.com\/catedral-granada\/wp-content\/uploads\/sites\/3\/2024\/04\/IMG_5919-300x300.jpg\" class=\"attachment-thumbnail size-thumbnail\" alt=\"\" aria-describedby=\"gallery-5-4574\" srcset=\"https:\/\/www.joaquinlois.com\/catedral-granada\/wp-content\/uploads\/sites\/3\/2024\/04\/IMG_5919-300x300.jpg 300w, https:\/\/www.joaquinlois.com\/catedral-granada\/wp-content\/uploads\/sites\/3\/2024\/04\/IMG_5919-400x400.jpg 400w\" sizes=\"auto, (max-width: 300px) 100vw, 300px\" data-attachment-id=\"4574\" data-permalink=\"https:\/\/www.joaquinlois.com\/catedral-granada\/el-mueble-de-la-cadereta\/img_5919\/\" data-orig-file=\"https:\/\/www.joaquinlois.com\/catedral-granada\/wp-content\/uploads\/sites\/3\/2024\/04\/IMG_5919.jpg\" data-orig-size=\"1200,674\" data-comments-opened=\"0\" data-image-meta=\"{&quot;aperture&quot;:&quot;0&quot;,&quot;credit&quot;:&quot;&quot;,&quot;camera&quot;:&quot;&quot;,&quot;caption&quot;:&quot;&quot;,&quot;created_timestamp&quot;:&quot;0&quot;,&quot;copyright&quot;:&quot;&quot;,&quot;focal_length&quot;:&quot;0&quot;,&quot;iso&quot;:&quot;0&quot;,&quot;shutter_speed&quot;:&quot;0&quot;,&quot;title&quot;:&quot;&quot;,&quot;orientation&quot;:&quot;0&quot;,&quot;lens&quot;:&quot;&quot;}\" data-image-title=\"IMG_5919\" data-image-description=\"\" data-image-caption=\"&lt;p&gt;Despu\u00e9s de la restauraci\u00f3n&lt;\/p&gt;\n\" data-medium-file=\"https:\/\/www.joaquinlois.com\/catedral-granada\/wp-content\/uploads\/sites\/3\/2024\/04\/IMG_5919-500x281.jpg\" data-large-file=\"https:\/\/www.joaquinlois.com\/catedral-granada\/wp-content\/uploads\/sites\/3\/2024\/04\/IMG_5919-1024x575.jpg\" \/><\/a>\n\t\t\t<\/div>\n\t\t\t\t<figcaption class='wp-caption-text gallery-caption' id='gallery-5-4574'>\n\t\t\t\tDespu\u00e9s de la restauraci\u00f3n\n\t\t\t\t<\/figcaption><\/figure>\n\t\t<\/div>\n\n\n\n\n<p><\/p>\n\n\n\n<p>Finalmente se han restaurado las puertas de la cadereta y se ha hecho un banco nuevo para el organista.<br><\/p>\n\n\n\n<div data-carousel-extra='{&quot;blog_id&quot;:3,&quot;permalink&quot;:&quot;https:\/\/www.joaquinlois.com\/catedral-granada\/el-mueble-de-la-cadereta\/&quot;}' id='gallery-6' class='gallery galleryid-3931 gallery-columns-3 gallery-size-thumbnail'><figure class='gallery-item'>\n\t\t\t<div class='gallery-icon portrait'>\n\t\t\t\t<a href='https:\/\/www.joaquinlois.com\/catedral-granada\/el-mueble-de-la-cadereta\/img_6652\/'><img loading=\"lazy\" decoding=\"async\" width=\"300\" height=\"300\" src=\"https:\/\/www.joaquinlois.com\/catedral-granada\/wp-content\/uploads\/sites\/3\/2024\/04\/IMG_6652-300x300.jpg\" class=\"attachment-thumbnail size-thumbnail\" alt=\"\" srcset=\"https:\/\/www.joaquinlois.com\/catedral-granada\/wp-content\/uploads\/sites\/3\/2024\/04\/IMG_6652-300x300.jpg 300w, https:\/\/www.joaquinlois.com\/catedral-granada\/wp-content\/uploads\/sites\/3\/2024\/04\/IMG_6652-400x400.jpg 400w\" sizes=\"auto, (max-width: 300px) 100vw, 300px\" data-attachment-id=\"4581\" data-permalink=\"https:\/\/www.joaquinlois.com\/catedral-granada\/el-mueble-de-la-cadereta\/img_6652\/\" data-orig-file=\"https:\/\/www.joaquinlois.com\/catedral-granada\/wp-content\/uploads\/sites\/3\/2024\/04\/IMG_6652.jpg\" data-orig-size=\"674,1200\" data-comments-opened=\"0\" data-image-meta=\"{&quot;aperture&quot;:&quot;0&quot;,&quot;credit&quot;:&quot;&quot;,&quot;camera&quot;:&quot;&quot;,&quot;caption&quot;:&quot;&quot;,&quot;created_timestamp&quot;:&quot;0&quot;,&quot;copyright&quot;:&quot;&quot;,&quot;focal_length&quot;:&quot;0&quot;,&quot;iso&quot;:&quot;0&quot;,&quot;shutter_speed&quot;:&quot;0&quot;,&quot;title&quot;:&quot;&quot;,&quot;orientation&quot;:&quot;0&quot;,&quot;lens&quot;:&quot;&quot;}\" data-image-title=\"IMG_6652\" data-image-description=\"\" data-image-caption=\"\" data-medium-file=\"https:\/\/www.joaquinlois.com\/catedral-granada\/wp-content\/uploads\/sites\/3\/2024\/04\/IMG_6652-281x500.jpg\" data-large-file=\"https:\/\/www.joaquinlois.com\/catedral-granada\/wp-content\/uploads\/sites\/3\/2024\/04\/IMG_6652-575x1024.jpg\" \/><\/a>\n\t\t\t<\/div><\/figure><figure class='gallery-item'>\n\t\t\t<div class='gallery-icon landscape'>\n\t\t\t\t<a href='https:\/\/www.joaquinlois.com\/catedral-granada\/el-mueble-de-la-cadereta\/img_6768\/'><img loading=\"lazy\" decoding=\"async\" width=\"300\" height=\"300\" src=\"https:\/\/www.joaquinlois.com\/catedral-granada\/wp-content\/uploads\/sites\/3\/2024\/04\/IMG_6768-300x300.jpg\" class=\"attachment-thumbnail size-thumbnail\" alt=\"\" srcset=\"https:\/\/www.joaquinlois.com\/catedral-granada\/wp-content\/uploads\/sites\/3\/2024\/04\/IMG_6768-300x300.jpg 300w, https:\/\/www.joaquinlois.com\/catedral-granada\/wp-content\/uploads\/sites\/3\/2024\/04\/IMG_6768-400x400.jpg 400w\" sizes=\"auto, (max-width: 300px) 100vw, 300px\" data-attachment-id=\"4583\" data-permalink=\"https:\/\/www.joaquinlois.com\/catedral-granada\/el-mueble-de-la-cadereta\/img_6768\/\" data-orig-file=\"https:\/\/www.joaquinlois.com\/catedral-granada\/wp-content\/uploads\/sites\/3\/2024\/04\/IMG_6768.jpg\" data-orig-size=\"1200,674\" data-comments-opened=\"0\" data-image-meta=\"{&quot;aperture&quot;:&quot;0&quot;,&quot;credit&quot;:&quot;&quot;,&quot;camera&quot;:&quot;&quot;,&quot;caption&quot;:&quot;&quot;,&quot;created_timestamp&quot;:&quot;0&quot;,&quot;copyright&quot;:&quot;&quot;,&quot;focal_length&quot;:&quot;0&quot;,&quot;iso&quot;:&quot;0&quot;,&quot;shutter_speed&quot;:&quot;0&quot;,&quot;title&quot;:&quot;&quot;,&quot;orientation&quot;:&quot;0&quot;,&quot;lens&quot;:&quot;&quot;}\" data-image-title=\"IMG_6768\" data-image-description=\"\" data-image-caption=\"\" data-medium-file=\"https:\/\/www.joaquinlois.com\/catedral-granada\/wp-content\/uploads\/sites\/3\/2024\/04\/IMG_6768-500x281.jpg\" data-large-file=\"https:\/\/www.joaquinlois.com\/catedral-granada\/wp-content\/uploads\/sites\/3\/2024\/04\/IMG_6768-1024x575.jpg\" \/><\/a>\n\t\t\t<\/div><\/figure><figure class='gallery-item'>\n\t\t\t<div class='gallery-icon portrait'>\n\t\t\t\t<a href='https:\/\/www.joaquinlois.com\/catedral-granada\/el-mueble-de-la-cadereta\/img_6962\/'><img loading=\"lazy\" decoding=\"async\" width=\"300\" height=\"300\" src=\"https:\/\/www.joaquinlois.com\/catedral-granada\/wp-content\/uploads\/sites\/3\/2024\/04\/IMG_6962-300x300.jpg\" class=\"attachment-thumbnail size-thumbnail\" alt=\"\" srcset=\"https:\/\/www.joaquinlois.com\/catedral-granada\/wp-content\/uploads\/sites\/3\/2024\/04\/IMG_6962-300x300.jpg 300w, https:\/\/www.joaquinlois.com\/catedral-granada\/wp-content\/uploads\/sites\/3\/2024\/04\/IMG_6962-400x400.jpg 400w\" sizes=\"auto, (max-width: 300px) 100vw, 300px\" data-attachment-id=\"4582\" data-permalink=\"https:\/\/www.joaquinlois.com\/catedral-granada\/el-mueble-de-la-cadereta\/img_6962\/\" data-orig-file=\"https:\/\/www.joaquinlois.com\/catedral-granada\/wp-content\/uploads\/sites\/3\/2024\/04\/IMG_6962.jpg\" data-orig-size=\"800,1200\" data-comments-opened=\"0\" data-image-meta=\"{&quot;aperture&quot;:&quot;0&quot;,&quot;credit&quot;:&quot;&quot;,&quot;camera&quot;:&quot;&quot;,&quot;caption&quot;:&quot;&quot;,&quot;created_timestamp&quot;:&quot;0&quot;,&quot;copyright&quot;:&quot;&quot;,&quot;focal_length&quot;:&quot;0&quot;,&quot;iso&quot;:&quot;0&quot;,&quot;shutter_speed&quot;:&quot;0&quot;,&quot;title&quot;:&quot;&quot;,&quot;orientation&quot;:&quot;0&quot;,&quot;lens&quot;:&quot;&quot;}\" data-image-title=\"IMG_6962\" data-image-description=\"\" data-image-caption=\"\" data-medium-file=\"https:\/\/www.joaquinlois.com\/catedral-granada\/wp-content\/uploads\/sites\/3\/2024\/04\/IMG_6962-333x500.jpg\" data-large-file=\"https:\/\/www.joaquinlois.com\/catedral-granada\/wp-content\/uploads\/sites\/3\/2024\/04\/IMG_6962-683x1024.jpg\" \/><\/a>\n\t\t\t<\/div><\/figure>\n\t\t<\/div>\n\n\n\n\n<div data-carousel-extra='{&quot;blog_id&quot;:3,&quot;permalink&quot;:&quot;https:\/\/www.joaquinlois.com\/catedral-granada\/el-mueble-de-la-cadereta\/&quot;}' id='gallery-7' class='gallery galleryid-3931 gallery-columns-3 gallery-size-thumbnail'><figure class='gallery-item'>\n\t\t\t<div class='gallery-icon landscape'>\n\t\t\t\t<a href='https:\/\/www.joaquinlois.com\/catedral-granada\/el-mueble-de-la-cadereta\/_mg_3610_2\/'><img loading=\"lazy\" decoding=\"async\" width=\"300\" height=\"300\" src=\"https:\/\/www.joaquinlois.com\/catedral-granada\/wp-content\/uploads\/sites\/3\/2024\/06\/MG_3610_2-300x300.jpg\" class=\"attachment-thumbnail size-thumbnail\" alt=\"\" srcset=\"https:\/\/www.joaquinlois.com\/catedral-granada\/wp-content\/uploads\/sites\/3\/2024\/06\/MG_3610_2-300x300.jpg 300w, https:\/\/www.joaquinlois.com\/catedral-granada\/wp-content\/uploads\/sites\/3\/2024\/06\/MG_3610_2-400x400.jpg 400w\" sizes=\"auto, (max-width: 300px) 100vw, 300px\" data-attachment-id=\"4859\" data-permalink=\"https:\/\/www.joaquinlois.com\/catedral-granada\/el-mueble-de-la-cadereta\/_mg_3610_2\/\" data-orig-file=\"https:\/\/www.joaquinlois.com\/catedral-granada\/wp-content\/uploads\/sites\/3\/2024\/06\/MG_3610_2.jpg\" data-orig-size=\"1300,867\" data-comments-opened=\"0\" data-image-meta=\"{&quot;aperture&quot;:&quot;0&quot;,&quot;credit&quot;:&quot;&quot;,&quot;camera&quot;:&quot;&quot;,&quot;caption&quot;:&quot;&quot;,&quot;created_timestamp&quot;:&quot;0&quot;,&quot;copyright&quot;:&quot;&quot;,&quot;focal_length&quot;:&quot;0&quot;,&quot;iso&quot;:&quot;0&quot;,&quot;shutter_speed&quot;:&quot;0&quot;,&quot;title&quot;:&quot;&quot;,&quot;orientation&quot;:&quot;0&quot;,&quot;lens&quot;:&quot;&quot;}\" data-image-title=\"_MG_3610_2\" data-image-description=\"\" data-image-caption=\"\" data-medium-file=\"https:\/\/www.joaquinlois.com\/catedral-granada\/wp-content\/uploads\/sites\/3\/2024\/06\/MG_3610_2-500x333.jpg\" data-large-file=\"https:\/\/www.joaquinlois.com\/catedral-granada\/wp-content\/uploads\/sites\/3\/2024\/06\/MG_3610_2-1024x683.jpg\" \/><\/a>\n\t\t\t<\/div><\/figure>\n\t\t<\/div>\n\n","protected":false},"excerpt":{"rendered":"<p>El mueble de la cadereta presentaba varios problemas pero con un origen com\u00fan , el vencimiento de todo el cuerpo hacia el exterior. Esto afecta al propio cuerpo de la cadereta y a la balaustrada que es solidaria a \u00e9ste y que se aprecia el desplome conjunto. Al desmontar secretos y dem\u00e1s elementos se ha [&hellip;]<\/p>\n","protected":false},"author":1,"featured_media":4859,"comment_status":"closed","ping_status":"open","sticky":false,"template":"","format":"standard","meta":{"_acf_changed":false,"_jetpack_memberships_contains_paid_content":false,"footnotes":""},"categories":[1],"tags":[],"elemento":[17],"lt":[8],"teclados":[19],"class_list":["post-3931","post","type-post","status-publish","format-standard","has-post-thumbnail","hentry","category-sin-categoria","elemento-mueble","lt-restauracion","teclados-cadereta"],"acf":[],"yoast_head":"<!-- This site is optimized with the Yoast SEO plugin v27.3 - https:\/\/yoast.com\/product\/yoast-seo-wordpress\/ -->\n<title>El Mueble de la cadereta | \u00d3rgano de la ep\u00edstola de la Catedral de Granada<\/title>\n<meta name=\"robots\" content=\"index, follow, max-snippet:-1, max-image-preview:large, max-video-preview:-1\" \/>\n<link rel=\"canonical\" href=\"https:\/\/www.joaquinlois.com\/catedral-granada\/el-mueble-de-la-cadereta\/\" \/>\n<meta property=\"og:locale\" content=\"es_ES\" \/>\n<meta property=\"og:type\" content=\"article\" \/>\n<meta property=\"og:title\" content=\"El Mueble de la cadereta | \u00d3rgano de la ep\u00edstola de la Catedral de Granada\" \/>\n<meta property=\"og:description\" content=\"El mueble de la cadereta presentaba varios problemas pero con un origen com\u00fan , el vencimiento de todo el cuerpo hacia el exterior. Esto afecta al propio cuerpo de la cadereta y a la balaustrada que es solidaria a \u00e9ste y que se aprecia el desplome conjunto. Al desmontar secretos y dem\u00e1s elementos se ha [&hellip;]\" \/>\n<meta property=\"og:url\" content=\"https:\/\/www.joaquinlois.com\/catedral-granada\/el-mueble-de-la-cadereta\/\" \/>\n<meta property=\"og:site_name\" content=\"\u00d3rgano de la ep\u00edstola de la Catedral de Granada\" \/>\n<meta property=\"article:publisher\" content=\"https:\/\/www.facebook.com\/joaquinlois\" \/>\n<meta property=\"article:published_time\" content=\"2024-06-10T11:28:00+00:00\" \/>\n<meta property=\"article:modified_time\" content=\"2025-01-26T11:53:01+00:00\" \/>\n<meta property=\"og:image\" content=\"https:\/\/www.joaquinlois.com\/catedral-granada\/wp-content\/uploads\/sites\/3\/2024\/06\/MG_3610_2.jpg\" \/>\n\t<meta property=\"og:image:width\" content=\"1300\" \/>\n\t<meta property=\"og:image:height\" content=\"867\" \/>\n\t<meta property=\"og:image:type\" content=\"image\/jpeg\" \/>\n<meta name=\"author\" content=\"admin\" \/>\n<meta name=\"twitter:card\" content=\"summary_large_image\" \/>\n<meta name=\"twitter:label1\" content=\"Escrito por\" \/>\n\t<meta name=\"twitter:data1\" content=\"admin\" \/>\n\t<meta name=\"twitter:label2\" content=\"Tiempo de lectura\" \/>\n\t<meta name=\"twitter:data2\" content=\"1 minuto\" \/>\n<script type=\"application\/ld+json\" class=\"yoast-schema-graph\">{\"@context\":\"https:\\\/\\\/schema.org\",\"@graph\":[{\"@type\":\"Article\",\"@id\":\"https:\\\/\\\/www.joaquinlois.com\\\/catedral-granada\\\/el-mueble-de-la-cadereta\\\/#article\",\"isPartOf\":{\"@id\":\"https:\\\/\\\/www.joaquinlois.com\\\/catedral-granada\\\/el-mueble-de-la-cadereta\\\/\"},\"author\":{\"name\":\"admin\",\"@id\":\"https:\\\/\\\/www.joaquinlois.com\\\/catedral-granada\\\/#\\\/schema\\\/person\\\/91b02054a0a8f4c46cc3753e6417987a\"},\"headline\":\"El Mueble de la cadereta\",\"datePublished\":\"2024-06-10T11:28:00+00:00\",\"dateModified\":\"2025-01-26T11:53:01+00:00\",\"mainEntityOfPage\":{\"@id\":\"https:\\\/\\\/www.joaquinlois.com\\\/catedral-granada\\\/el-mueble-de-la-cadereta\\\/\"},\"wordCount\":244,\"publisher\":{\"@id\":\"https:\\\/\\\/www.joaquinlois.com\\\/catedral-granada\\\/#organization\"},\"image\":{\"@id\":\"https:\\\/\\\/www.joaquinlois.com\\\/catedral-granada\\\/el-mueble-de-la-cadereta\\\/#primaryimage\"},\"thumbnailUrl\":\"https:\\\/\\\/www.joaquinlois.com\\\/catedral-granada\\\/wp-content\\\/uploads\\\/sites\\\/3\\\/2024\\\/06\\\/MG_3610_2.jpg\",\"inLanguage\":\"es\"},{\"@type\":\"WebPage\",\"@id\":\"https:\\\/\\\/www.joaquinlois.com\\\/catedral-granada\\\/el-mueble-de-la-cadereta\\\/\",\"url\":\"https:\\\/\\\/www.joaquinlois.com\\\/catedral-granada\\\/el-mueble-de-la-cadereta\\\/\",\"name\":\"El Mueble de la cadereta | \u00d3rgano de la ep\u00edstola de la Catedral de Granada\",\"isPartOf\":{\"@id\":\"https:\\\/\\\/www.joaquinlois.com\\\/catedral-granada\\\/#website\"},\"primaryImageOfPage\":{\"@id\":\"https:\\\/\\\/www.joaquinlois.com\\\/catedral-granada\\\/el-mueble-de-la-cadereta\\\/#primaryimage\"},\"image\":{\"@id\":\"https:\\\/\\\/www.joaquinlois.com\\\/catedral-granada\\\/el-mueble-de-la-cadereta\\\/#primaryimage\"},\"thumbnailUrl\":\"https:\\\/\\\/www.joaquinlois.com\\\/catedral-granada\\\/wp-content\\\/uploads\\\/sites\\\/3\\\/2024\\\/06\\\/MG_3610_2.jpg\",\"datePublished\":\"2024-06-10T11:28:00+00:00\",\"dateModified\":\"2025-01-26T11:53:01+00:00\",\"inLanguage\":\"es\",\"potentialAction\":[{\"@type\":\"ReadAction\",\"target\":[\"https:\\\/\\\/www.joaquinlois.com\\\/catedral-granada\\\/el-mueble-de-la-cadereta\\\/\"]}]},{\"@type\":\"ImageObject\",\"inLanguage\":\"es\",\"@id\":\"https:\\\/\\\/www.joaquinlois.com\\\/catedral-granada\\\/el-mueble-de-la-cadereta\\\/#primaryimage\",\"url\":\"https:\\\/\\\/www.joaquinlois.com\\\/catedral-granada\\\/wp-content\\\/uploads\\\/sites\\\/3\\\/2024\\\/06\\\/MG_3610_2.jpg\",\"contentUrl\":\"https:\\\/\\\/www.joaquinlois.com\\\/catedral-granada\\\/wp-content\\\/uploads\\\/sites\\\/3\\\/2024\\\/06\\\/MG_3610_2.jpg\",\"width\":1300,\"height\":867},{\"@type\":\"WebSite\",\"@id\":\"https:\\\/\\\/www.joaquinlois.com\\\/catedral-granada\\\/#website\",\"url\":\"https:\\\/\\\/www.joaquinlois.com\\\/catedral-granada\\\/\",\"name\":\"\u00d3tgano de la ep\u00edstola de la catedral de Granada\",\"description\":\"Restauraci\u00f3n en curso por el taller de organer\u00eca de Joaqu\u00edn Lois\",\"publisher\":{\"@id\":\"https:\\\/\\\/www.joaquinlois.com\\\/catedral-granada\\\/#organization\"},\"potentialAction\":[{\"@type\":\"SearchAction\",\"target\":{\"@type\":\"EntryPoint\",\"urlTemplate\":\"https:\\\/\\\/www.joaquinlois.com\\\/catedral-granada\\\/?s={search_term_string}\"},\"query-input\":{\"@type\":\"PropertyValueSpecification\",\"valueRequired\":true,\"valueName\":\"search_term_string\"}}],\"inLanguage\":\"es\"},{\"@type\":\"Organization\",\"@id\":\"https:\\\/\\\/www.joaquinlois.com\\\/catedral-granada\\\/#organization\",\"name\":\"Joaqu\u00edn Lois - Organero\",\"url\":\"https:\\\/\\\/www.joaquinlois.com\\\/catedral-granada\\\/\",\"logo\":{\"@type\":\"ImageObject\",\"inLanguage\":\"es\",\"@id\":\"https:\\\/\\\/www.joaquinlois.com\\\/catedral-granada\\\/#\\\/schema\\\/logo\\\/image\\\/\",\"url\":\"https:\\\/\\\/www.joaquinlois.com\\\/catedral-granada\\\/wp-content\\\/uploads\\\/sites\\\/3\\\/2023\\\/01\\\/Joaquin-Lois-Organero.jpg\",\"contentUrl\":\"https:\\\/\\\/www.joaquinlois.com\\\/catedral-granada\\\/wp-content\\\/uploads\\\/sites\\\/3\\\/2023\\\/01\\\/Joaquin-Lois-Organero.jpg\",\"width\":667,\"height\":667,\"caption\":\"Joaqu\u00edn Lois - Organero\"},\"image\":{\"@id\":\"https:\\\/\\\/www.joaquinlois.com\\\/catedral-granada\\\/#\\\/schema\\\/logo\\\/image\\\/\"},\"sameAs\":[\"https:\\\/\\\/www.facebook.com\\\/joaquinlois\"]},{\"@type\":\"Person\",\"@id\":\"https:\\\/\\\/www.joaquinlois.com\\\/catedral-granada\\\/#\\\/schema\\\/person\\\/91b02054a0a8f4c46cc3753e6417987a\",\"name\":\"admin\",\"sameAs\":[\"https:\\\/\\\/www.joaquinlois.com\"],\"url\":\"https:\\\/\\\/www.joaquinlois.com\\\/catedral-granada\\\/author\\\/admin\\\/\"}]}<\/script>\n<!-- \/ Yoast SEO plugin. -->","yoast_head_json":{"title":"El Mueble de la cadereta | \u00d3rgano de la ep\u00edstola de la Catedral de Granada","robots":{"index":"index","follow":"follow","max-snippet":"max-snippet:-1","max-image-preview":"max-image-preview:large","max-video-preview":"max-video-preview:-1"},"canonical":"https:\/\/www.joaquinlois.com\/catedral-granada\/el-mueble-de-la-cadereta\/","og_locale":"es_ES","og_type":"article","og_title":"El Mueble de la cadereta | \u00d3rgano de la ep\u00edstola de la Catedral de Granada","og_description":"El mueble de la cadereta presentaba varios problemas pero con un origen com\u00fan , el vencimiento de todo el cuerpo hacia el exterior. Esto afecta al propio cuerpo de la cadereta y a la balaustrada que es solidaria a \u00e9ste y que se aprecia el desplome conjunto. Al desmontar secretos y dem\u00e1s elementos se ha [&hellip;]","og_url":"https:\/\/www.joaquinlois.com\/catedral-granada\/el-mueble-de-la-cadereta\/","og_site_name":"\u00d3rgano de la ep\u00edstola de la Catedral de Granada","article_publisher":"https:\/\/www.facebook.com\/joaquinlois","article_published_time":"2024-06-10T11:28:00+00:00","article_modified_time":"2025-01-26T11:53:01+00:00","og_image":[{"width":1300,"height":867,"url":"https:\/\/www.joaquinlois.com\/catedral-granada\/wp-content\/uploads\/sites\/3\/2024\/06\/MG_3610_2.jpg","type":"image\/jpeg"}],"author":"admin","twitter_card":"summary_large_image","twitter_misc":{"Escrito por":"admin","Tiempo de lectura":"1 minuto"},"schema":{"@context":"https:\/\/schema.org","@graph":[{"@type":"Article","@id":"https:\/\/www.joaquinlois.com\/catedral-granada\/el-mueble-de-la-cadereta\/#article","isPartOf":{"@id":"https:\/\/www.joaquinlois.com\/catedral-granada\/el-mueble-de-la-cadereta\/"},"author":{"name":"admin","@id":"https:\/\/www.joaquinlois.com\/catedral-granada\/#\/schema\/person\/91b02054a0a8f4c46cc3753e6417987a"},"headline":"El Mueble de la cadereta","datePublished":"2024-06-10T11:28:00+00:00","dateModified":"2025-01-26T11:53:01+00:00","mainEntityOfPage":{"@id":"https:\/\/www.joaquinlois.com\/catedral-granada\/el-mueble-de-la-cadereta\/"},"wordCount":244,"publisher":{"@id":"https:\/\/www.joaquinlois.com\/catedral-granada\/#organization"},"image":{"@id":"https:\/\/www.joaquinlois.com\/catedral-granada\/el-mueble-de-la-cadereta\/#primaryimage"},"thumbnailUrl":"https:\/\/www.joaquinlois.com\/catedral-granada\/wp-content\/uploads\/sites\/3\/2024\/06\/MG_3610_2.jpg","inLanguage":"es"},{"@type":"WebPage","@id":"https:\/\/www.joaquinlois.com\/catedral-granada\/el-mueble-de-la-cadereta\/","url":"https:\/\/www.joaquinlois.com\/catedral-granada\/el-mueble-de-la-cadereta\/","name":"El Mueble de la cadereta | \u00d3rgano de la ep\u00edstola de la Catedral de Granada","isPartOf":{"@id":"https:\/\/www.joaquinlois.com\/catedral-granada\/#website"},"primaryImageOfPage":{"@id":"https:\/\/www.joaquinlois.com\/catedral-granada\/el-mueble-de-la-cadereta\/#primaryimage"},"image":{"@id":"https:\/\/www.joaquinlois.com\/catedral-granada\/el-mueble-de-la-cadereta\/#primaryimage"},"thumbnailUrl":"https:\/\/www.joaquinlois.com\/catedral-granada\/wp-content\/uploads\/sites\/3\/2024\/06\/MG_3610_2.jpg","datePublished":"2024-06-10T11:28:00+00:00","dateModified":"2025-01-26T11:53:01+00:00","inLanguage":"es","potentialAction":[{"@type":"ReadAction","target":["https:\/\/www.joaquinlois.com\/catedral-granada\/el-mueble-de-la-cadereta\/"]}]},{"@type":"ImageObject","inLanguage":"es","@id":"https:\/\/www.joaquinlois.com\/catedral-granada\/el-mueble-de-la-cadereta\/#primaryimage","url":"https:\/\/www.joaquinlois.com\/catedral-granada\/wp-content\/uploads\/sites\/3\/2024\/06\/MG_3610_2.jpg","contentUrl":"https:\/\/www.joaquinlois.com\/catedral-granada\/wp-content\/uploads\/sites\/3\/2024\/06\/MG_3610_2.jpg","width":1300,"height":867},{"@type":"WebSite","@id":"https:\/\/www.joaquinlois.com\/catedral-granada\/#website","url":"https:\/\/www.joaquinlois.com\/catedral-granada\/","name":"\u00d3tgano de la ep\u00edstola de la catedral de Granada","description":"Restauraci\u00f3n en curso por el taller de organer\u00eca de Joaqu\u00edn Lois","publisher":{"@id":"https:\/\/www.joaquinlois.com\/catedral-granada\/#organization"},"potentialAction":[{"@type":"SearchAction","target":{"@type":"EntryPoint","urlTemplate":"https:\/\/www.joaquinlois.com\/catedral-granada\/?s={search_term_string}"},"query-input":{"@type":"PropertyValueSpecification","valueRequired":true,"valueName":"search_term_string"}}],"inLanguage":"es"},{"@type":"Organization","@id":"https:\/\/www.joaquinlois.com\/catedral-granada\/#organization","name":"Joaqu\u00edn Lois - Organero","url":"https:\/\/www.joaquinlois.com\/catedral-granada\/","logo":{"@type":"ImageObject","inLanguage":"es","@id":"https:\/\/www.joaquinlois.com\/catedral-granada\/#\/schema\/logo\/image\/","url":"https:\/\/www.joaquinlois.com\/catedral-granada\/wp-content\/uploads\/sites\/3\/2023\/01\/Joaquin-Lois-Organero.jpg","contentUrl":"https:\/\/www.joaquinlois.com\/catedral-granada\/wp-content\/uploads\/sites\/3\/2023\/01\/Joaquin-Lois-Organero.jpg","width":667,"height":667,"caption":"Joaqu\u00edn Lois - Organero"},"image":{"@id":"https:\/\/www.joaquinlois.com\/catedral-granada\/#\/schema\/logo\/image\/"},"sameAs":["https:\/\/www.facebook.com\/joaquinlois"]},{"@type":"Person","@id":"https:\/\/www.joaquinlois.com\/catedral-granada\/#\/schema\/person\/91b02054a0a8f4c46cc3753e6417987a","name":"admin","sameAs":["https:\/\/www.joaquinlois.com"],"url":"https:\/\/www.joaquinlois.com\/catedral-granada\/author\/admin\/"}]}},"jetpack_featured_media_url":"https:\/\/www.joaquinlois.com\/catedral-granada\/wp-content\/uploads\/sites\/3\/2024\/06\/MG_3610_2.jpg","jetpack_sharing_enabled":true,"_links":{"self":[{"href":"https:\/\/www.joaquinlois.com\/catedral-granada\/wp-json\/wp\/v2\/posts\/3931","targetHints":{"allow":["GET"]}}],"collection":[{"href":"https:\/\/www.joaquinlois.com\/catedral-granada\/wp-json\/wp\/v2\/posts"}],"about":[{"href":"https:\/\/www.joaquinlois.com\/catedral-granada\/wp-json\/wp\/v2\/types\/post"}],"author":[{"embeddable":true,"href":"https:\/\/www.joaquinlois.com\/catedral-granada\/wp-json\/wp\/v2\/users\/1"}],"replies":[{"embeddable":true,"href":"https:\/\/www.joaquinlois.com\/catedral-granada\/wp-json\/wp\/v2\/comments?post=3931"}],"version-history":[{"count":17,"href":"https:\/\/www.joaquinlois.com\/catedral-granada\/wp-json\/wp\/v2\/posts\/3931\/revisions"}],"predecessor-version":[{"id":4880,"href":"https:\/\/www.joaquinlois.com\/catedral-granada\/wp-json\/wp\/v2\/posts\/3931\/revisions\/4880"}],"wp:featuredmedia":[{"embeddable":true,"href":"https:\/\/www.joaquinlois.com\/catedral-granada\/wp-json\/wp\/v2\/media\/4859"}],"wp:attachment":[{"href":"https:\/\/www.joaquinlois.com\/catedral-granada\/wp-json\/wp\/v2\/media?parent=3931"}],"wp:term":[{"taxonomy":"category","embeddable":true,"href":"https:\/\/www.joaquinlois.com\/catedral-granada\/wp-json\/wp\/v2\/categories?post=3931"},{"taxonomy":"post_tag","embeddable":true,"href":"https:\/\/www.joaquinlois.com\/catedral-granada\/wp-json\/wp\/v2\/tags?post=3931"},{"taxonomy":"elemento","embeddable":true,"href":"https:\/\/www.joaquinlois.com\/catedral-granada\/wp-json\/wp\/v2\/elemento?post=3931"},{"taxonomy":"lt","embeddable":true,"href":"https:\/\/www.joaquinlois.com\/catedral-granada\/wp-json\/wp\/v2\/lt?post=3931"},{"taxonomy":"teclados","embeddable":true,"href":"https:\/\/www.joaquinlois.com\/catedral-granada\/wp-json\/wp\/v2\/teclados?post=3931"}],"curies":[{"name":"wp","href":"https:\/\/api.w.org\/{rel}","templated":true}]}}