{"id":3367,"date":"2023-07-14T10:36:01","date_gmt":"2023-07-14T10:36:01","guid":{"rendered":"https:\/\/www.joaquinlois.com\/catedral-granada\/?p=3367"},"modified":"2025-01-18T21:06:47","modified_gmt":"2025-01-18T21:06:47","slug":"restauracion-de-los-tablones-acanlados","status":"publish","type":"post","link":"https:\/\/www.joaquinlois.com\/catedral-granada\/restauracion-de-los-tablones-acanlados\/","title":{"rendered":"Restauraci\u00f3n de los tablones acanlados"},"content":{"rendered":"\n<div class=\"wp-block-group\"><div class=\"wp-block-group__inner-container is-layout-flow wp-block-group-is-layout-flow\">\n<p>El complejo sistema de conducci\u00f3n del viento desde los secretos hasta cada tubo constituye un entramado de cientos de metros de conductos de esta\u00f1o por una parte y de canales grabados en piezas de madera y cerrados con piel.<\/p>\n\n\n\n<blockquote class=\"wp-block-quote is-layout-flow wp-block-quote-is-layout-flow\">\n<p>El sistema en el \u00f3rgano de la catedral de Granada se compone, s\u00f3lo en el \u00f3rgano mayor,  de veinte tablones verticales y completados con los tableros horizontales de los que beben los tubos.<\/p>\n<\/blockquote>\n\n\n\n<p>Dos grupos de estos tablones podemos diferenciar: los largos tablones que llevan el viento a la tuber\u00eda distribuida en ambas fachadas y por otro lado los tablones del ancho de los secretos y que se utilizan para alimentar la tuber\u00eda interior pero elevada a la altura de los flautados de fachada. Estos \u00faltimos  se complementan con los \u00absecretillos horizontales\u00bb. <\/p>\n<\/div><\/div>\n\n\n\n<h2 class=\"wp-block-heading\">Restauraci\u00f3n de los grandes tablones acanalados horizontales y  del ancho del mueble<\/h2>\n\n\n\n<h3 class=\"wp-block-heading\">Limpieza de tablones<\/h3>\n\n\n\n<p>Se hace una primera prueba en todos los tablones y canales antes de empezar con el desencolado de las pieles viejas, se limpian los canales observando minuciosamente con el objetivo de localizar posibles problemas en el interios de los canales.<\/p>\n\n\n\n<div data-carousel-extra='{&quot;blog_id&quot;:3,&quot;permalink&quot;:&quot;https:\/\/www.joaquinlois.com\/catedral-granada\/restauracion-de-los-tablones-acanlados\/&quot;}' id='gallery-1' class='gallery galleryid-3367 gallery-columns-3 gallery-size-thumbnail'><figure class='gallery-item'>\n\t\t\t<div class='gallery-icon landscape'>\n\t\t\t\t<a href='https:\/\/www.joaquinlois.com\/catedral-granada\/restauracion-de-los-tablones-acanlados\/_mg_0468\/'><img loading=\"lazy\" decoding=\"async\" width=\"300\" height=\"300\" src=\"https:\/\/www.joaquinlois.com\/catedral-granada\/wp-content\/uploads\/sites\/3\/2023\/04\/MG_0468-300x300.jpg\" class=\"attachment-thumbnail size-thumbnail\" alt=\"\" aria-describedby=\"gallery-1-3578\" srcset=\"https:\/\/www.joaquinlois.com\/catedral-granada\/wp-content\/uploads\/sites\/3\/2023\/04\/MG_0468-300x300.jpg 300w, https:\/\/www.joaquinlois.com\/catedral-granada\/wp-content\/uploads\/sites\/3\/2023\/04\/MG_0468-400x400.jpg 400w\" sizes=\"auto, (max-width: 300px) 100vw, 300px\" data-attachment-id=\"3578\" data-permalink=\"https:\/\/www.joaquinlois.com\/catedral-granada\/restauracion-de-los-tablones-acanlados\/_mg_0468\/\" data-orig-file=\"https:\/\/www.joaquinlois.com\/catedral-granada\/wp-content\/uploads\/sites\/3\/2023\/04\/MG_0468.jpg\" data-orig-size=\"1200,733\" data-comments-opened=\"0\" data-image-meta=\"{&quot;aperture&quot;:&quot;0&quot;,&quot;credit&quot;:&quot;&quot;,&quot;camera&quot;:&quot;&quot;,&quot;caption&quot;:&quot;&quot;,&quot;created_timestamp&quot;:&quot;0&quot;,&quot;copyright&quot;:&quot;&quot;,&quot;focal_length&quot;:&quot;0&quot;,&quot;iso&quot;:&quot;0&quot;,&quot;shutter_speed&quot;:&quot;0&quot;,&quot;title&quot;:&quot;&quot;,&quot;orientation&quot;:&quot;0&quot;,&quot;lens&quot;:&quot;&quot;}\" data-image-title=\"Tabl\u00f3n acanalado\" data-image-description=\"\" data-image-caption=\"&lt;p&gt;Tabl\u00f3n antes de su restauraci\u00f3n&lt;\/p&gt;\n\" data-medium-file=\"https:\/\/www.joaquinlois.com\/catedral-granada\/wp-content\/uploads\/sites\/3\/2023\/04\/MG_0468-500x305.jpg\" data-large-file=\"https:\/\/www.joaquinlois.com\/catedral-granada\/wp-content\/uploads\/sites\/3\/2023\/04\/MG_0468-1024x625.jpg\" \/><\/a>\n\t\t\t<\/div>\n\t\t\t\t<figcaption class='wp-caption-text gallery-caption' id='gallery-1-3578'>\n\t\t\t\tTabl\u00f3n antes de su restauraci\u00f3n\n\t\t\t\t<\/figcaption><\/figure><figure class='gallery-item'>\n\t\t\t<div class='gallery-icon landscape'>\n\t\t\t\t<a href='https:\/\/www.joaquinlois.com\/catedral-granada\/restauracion-de-los-tablones-acanlados\/dsc05694_1\/'><img loading=\"lazy\" decoding=\"async\" width=\"300\" height=\"300\" src=\"https:\/\/www.joaquinlois.com\/catedral-granada\/wp-content\/uploads\/sites\/3\/2023\/04\/DSC05694_1-300x300.jpg\" class=\"attachment-thumbnail size-thumbnail\" alt=\"\" aria-describedby=\"gallery-1-3393\" srcset=\"https:\/\/www.joaquinlois.com\/catedral-granada\/wp-content\/uploads\/sites\/3\/2023\/04\/DSC05694_1-300x300.jpg 300w, https:\/\/www.joaquinlois.com\/catedral-granada\/wp-content\/uploads\/sites\/3\/2023\/04\/DSC05694_1-400x400.jpg 400w\" sizes=\"auto, (max-width: 300px) 100vw, 300px\" data-attachment-id=\"3393\" data-permalink=\"https:\/\/www.joaquinlois.com\/catedral-granada\/restauracion-de-los-tablones-acanlados\/dsc05694_1\/\" data-orig-file=\"https:\/\/www.joaquinlois.com\/catedral-granada\/wp-content\/uploads\/sites\/3\/2023\/04\/DSC05694_1.jpg\" data-orig-size=\"1100,733\" data-comments-opened=\"0\" data-image-meta=\"{&quot;aperture&quot;:&quot;0&quot;,&quot;credit&quot;:&quot;&quot;,&quot;camera&quot;:&quot;&quot;,&quot;caption&quot;:&quot;&quot;,&quot;created_timestamp&quot;:&quot;0&quot;,&quot;copyright&quot;:&quot;&quot;,&quot;focal_length&quot;:&quot;0&quot;,&quot;iso&quot;:&quot;0&quot;,&quot;shutter_speed&quot;:&quot;0&quot;,&quot;title&quot;:&quot;&quot;,&quot;orientation&quot;:&quot;0&quot;,&quot;lens&quot;:&quot;&quot;}\" data-image-title=\"Restauraci\u00f3n de tablones acanalados\" data-image-description=\"\" data-image-caption=\"&lt;p&gt;Retirando restos de estopa&lt;\/p&gt;\n\" data-medium-file=\"https:\/\/www.joaquinlois.com\/catedral-granada\/wp-content\/uploads\/sites\/3\/2023\/04\/DSC05694_1-500x333.jpg\" data-large-file=\"https:\/\/www.joaquinlois.com\/catedral-granada\/wp-content\/uploads\/sites\/3\/2023\/04\/DSC05694_1-1024x682.jpg\" \/><\/a>\n\t\t\t<\/div>\n\t\t\t\t<figcaption class='wp-caption-text gallery-caption' id='gallery-1-3393'>\n\t\t\t\tRetirando restos de estopa\n\t\t\t\t<\/figcaption><\/figure><figure class='gallery-item'>\n\t\t\t<div class='gallery-icon landscape'>\n\t\t\t\t<a href='https:\/\/www.joaquinlois.com\/catedral-granada\/restauracion-de-los-tablones-acanlados\/dsc05682\/'><img loading=\"lazy\" decoding=\"async\" width=\"300\" height=\"300\" src=\"https:\/\/www.joaquinlois.com\/catedral-granada\/wp-content\/uploads\/sites\/3\/2023\/04\/DSC05682-300x300.jpg\" class=\"attachment-thumbnail size-thumbnail\" alt=\"\" aria-describedby=\"gallery-1-3391\" srcset=\"https:\/\/www.joaquinlois.com\/catedral-granada\/wp-content\/uploads\/sites\/3\/2023\/04\/DSC05682-300x300.jpg 300w, https:\/\/www.joaquinlois.com\/catedral-granada\/wp-content\/uploads\/sites\/3\/2023\/04\/DSC05682-400x400.jpg 400w\" sizes=\"auto, (max-width: 300px) 100vw, 300px\" data-attachment-id=\"3391\" data-permalink=\"https:\/\/www.joaquinlois.com\/catedral-granada\/restauracion-de-los-tablones-acanlados\/dsc05682\/\" data-orig-file=\"https:\/\/www.joaquinlois.com\/catedral-granada\/wp-content\/uploads\/sites\/3\/2023\/04\/DSC05682.jpg\" data-orig-size=\"1100,733\" data-comments-opened=\"0\" data-image-meta=\"{&quot;aperture&quot;:&quot;0&quot;,&quot;credit&quot;:&quot;&quot;,&quot;camera&quot;:&quot;&quot;,&quot;caption&quot;:&quot;&quot;,&quot;created_timestamp&quot;:&quot;0&quot;,&quot;copyright&quot;:&quot;&quot;,&quot;focal_length&quot;:&quot;0&quot;,&quot;iso&quot;:&quot;0&quot;,&quot;shutter_speed&quot;:&quot;0&quot;,&quot;title&quot;:&quot;&quot;,&quot;orientation&quot;:&quot;0&quot;,&quot;lens&quot;:&quot;&quot;}\" data-image-title=\"Trabajos en tablones\" data-image-description=\"\" data-image-caption=\"&lt;p&gt;Retirando las pieles&lt;\/p&gt;\n\" data-medium-file=\"https:\/\/www.joaquinlois.com\/catedral-granada\/wp-content\/uploads\/sites\/3\/2023\/04\/DSC05682-500x333.jpg\" data-large-file=\"https:\/\/www.joaquinlois.com\/catedral-granada\/wp-content\/uploads\/sites\/3\/2023\/04\/DSC05682-1024x682.jpg\" \/><\/a>\n\t\t\t<\/div>\n\t\t\t\t<figcaption class='wp-caption-text gallery-caption' id='gallery-1-3391'>\n\t\t\t\tRetirando las pieles\n\t\t\t\t<\/figcaption><\/figure><figure class='gallery-item'>\n\t\t\t<div class='gallery-icon landscape'>\n\t\t\t\t<a href='https:\/\/www.joaquinlois.com\/catedral-granada\/restauracion-de-los-tablones-acanlados\/dsc05711\/'><img loading=\"lazy\" decoding=\"async\" width=\"300\" height=\"300\" src=\"https:\/\/www.joaquinlois.com\/catedral-granada\/wp-content\/uploads\/sites\/3\/2023\/04\/DSC05711-300x300.jpg\" class=\"attachment-thumbnail size-thumbnail\" alt=\"\" aria-describedby=\"gallery-1-3394\" srcset=\"https:\/\/www.joaquinlois.com\/catedral-granada\/wp-content\/uploads\/sites\/3\/2023\/04\/DSC05711-300x300.jpg 300w, https:\/\/www.joaquinlois.com\/catedral-granada\/wp-content\/uploads\/sites\/3\/2023\/04\/DSC05711-400x400.jpg 400w\" sizes=\"auto, (max-width: 300px) 100vw, 300px\" data-attachment-id=\"3394\" data-permalink=\"https:\/\/www.joaquinlois.com\/catedral-granada\/restauracion-de-los-tablones-acanlados\/dsc05711\/\" data-orig-file=\"https:\/\/www.joaquinlois.com\/catedral-granada\/wp-content\/uploads\/sites\/3\/2023\/04\/DSC05711.jpg\" data-orig-size=\"1100,733\" data-comments-opened=\"0\" data-image-meta=\"{&quot;aperture&quot;:&quot;0&quot;,&quot;credit&quot;:&quot;&quot;,&quot;camera&quot;:&quot;&quot;,&quot;caption&quot;:&quot;&quot;,&quot;created_timestamp&quot;:&quot;0&quot;,&quot;copyright&quot;:&quot;&quot;,&quot;focal_length&quot;:&quot;0&quot;,&quot;iso&quot;:&quot;0&quot;,&quot;shutter_speed&quot;:&quot;0&quot;,&quot;title&quot;:&quot;&quot;,&quot;orientation&quot;:&quot;0&quot;,&quot;lens&quot;:&quot;&quot;}\" data-image-title=\"Trabajos en tablones\" data-image-description=\"\" data-image-caption=\"&lt;p&gt;Retirando las pieles con vapor de agua&lt;\/p&gt;\n\" data-medium-file=\"https:\/\/www.joaquinlois.com\/catedral-granada\/wp-content\/uploads\/sites\/3\/2023\/04\/DSC05711-500x333.jpg\" data-large-file=\"https:\/\/www.joaquinlois.com\/catedral-granada\/wp-content\/uploads\/sites\/3\/2023\/04\/DSC05711-1024x682.jpg\" \/><\/a>\n\t\t\t<\/div>\n\t\t\t\t<figcaption class='wp-caption-text gallery-caption' id='gallery-1-3394'>\n\t\t\t\tRetirando las pieles con vapor de agua\n\t\t\t\t<\/figcaption><\/figure><figure class='gallery-item'>\n\t\t\t<div class='gallery-icon landscape'>\n\t\t\t\t<a href='https:\/\/www.joaquinlois.com\/catedral-granada\/restauracion-de-los-tablones-acanlados\/dsc05717\/'><img loading=\"lazy\" decoding=\"async\" width=\"300\" height=\"300\" src=\"https:\/\/www.joaquinlois.com\/catedral-granada\/wp-content\/uploads\/sites\/3\/2023\/04\/DSC05717-300x300.jpg\" class=\"attachment-thumbnail size-thumbnail\" alt=\"\" aria-describedby=\"gallery-1-3392\" srcset=\"https:\/\/www.joaquinlois.com\/catedral-granada\/wp-content\/uploads\/sites\/3\/2023\/04\/DSC05717-300x300.jpg 300w, https:\/\/www.joaquinlois.com\/catedral-granada\/wp-content\/uploads\/sites\/3\/2023\/04\/DSC05717-400x400.jpg 400w\" sizes=\"auto, (max-width: 300px) 100vw, 300px\" data-attachment-id=\"3392\" data-permalink=\"https:\/\/www.joaquinlois.com\/catedral-granada\/restauracion-de-los-tablones-acanlados\/dsc05717\/\" data-orig-file=\"https:\/\/www.joaquinlois.com\/catedral-granada\/wp-content\/uploads\/sites\/3\/2023\/04\/DSC05717.jpg\" data-orig-size=\"1100,733\" data-comments-opened=\"0\" data-image-meta=\"{&quot;aperture&quot;:&quot;0&quot;,&quot;credit&quot;:&quot;&quot;,&quot;camera&quot;:&quot;&quot;,&quot;caption&quot;:&quot;&quot;,&quot;created_timestamp&quot;:&quot;0&quot;,&quot;copyright&quot;:&quot;&quot;,&quot;focal_length&quot;:&quot;0&quot;,&quot;iso&quot;:&quot;0&quot;,&quot;shutter_speed&quot;:&quot;0&quot;,&quot;title&quot;:&quot;&quot;,&quot;orientation&quot;:&quot;0&quot;,&quot;lens&quot;:&quot;&quot;}\" data-image-title=\"Restaurando el tabl\u00f3n acanalado\" data-image-description=\"\" data-image-caption=\"&lt;p&gt;Retirando las pieles &lt;\/p&gt;\n\" data-medium-file=\"https:\/\/www.joaquinlois.com\/catedral-granada\/wp-content\/uploads\/sites\/3\/2023\/04\/DSC05717-500x333.jpg\" data-large-file=\"https:\/\/www.joaquinlois.com\/catedral-granada\/wp-content\/uploads\/sites\/3\/2023\/04\/DSC05717-1024x682.jpg\" \/><\/a>\n\t\t\t<\/div>\n\t\t\t\t<figcaption class='wp-caption-text gallery-caption' id='gallery-1-3392'>\n\t\t\t\tRetirando las pieles \n\t\t\t\t<\/figcaption><\/figure><figure class='gallery-item'>\n\t\t\t<div class='gallery-icon landscape'>\n\t\t\t\t<a href='https:\/\/www.joaquinlois.com\/catedral-granada\/restauracion-de-los-tablones-acanlados\/dsc06925\/'><img loading=\"lazy\" decoding=\"async\" width=\"300\" height=\"300\" src=\"https:\/\/www.joaquinlois.com\/catedral-granada\/wp-content\/uploads\/sites\/3\/2023\/04\/DSC06925-300x300.jpg\" class=\"attachment-thumbnail size-thumbnail\" alt=\"\" srcset=\"https:\/\/www.joaquinlois.com\/catedral-granada\/wp-content\/uploads\/sites\/3\/2023\/04\/DSC06925-300x300.jpg 300w, https:\/\/www.joaquinlois.com\/catedral-granada\/wp-content\/uploads\/sites\/3\/2023\/04\/DSC06925-400x400.jpg 400w\" sizes=\"auto, (max-width: 300px) 100vw, 300px\" data-attachment-id=\"3582\" data-permalink=\"https:\/\/www.joaquinlois.com\/catedral-granada\/restauracion-de-los-tablones-acanlados\/dsc06925\/\" data-orig-file=\"https:\/\/www.joaquinlois.com\/catedral-granada\/wp-content\/uploads\/sites\/3\/2023\/04\/DSC06925.jpg\" data-orig-size=\"1200,800\" data-comments-opened=\"0\" data-image-meta=\"{&quot;aperture&quot;:&quot;0&quot;,&quot;credit&quot;:&quot;&quot;,&quot;camera&quot;:&quot;&quot;,&quot;caption&quot;:&quot;&quot;,&quot;created_timestamp&quot;:&quot;0&quot;,&quot;copyright&quot;:&quot;&quot;,&quot;focal_length&quot;:&quot;0&quot;,&quot;iso&quot;:&quot;0&quot;,&quot;shutter_speed&quot;:&quot;0&quot;,&quot;title&quot;:&quot;&quot;,&quot;orientation&quot;:&quot;0&quot;,&quot;lens&quot;:&quot;&quot;}\" data-image-title=\"Tablon sin pieles\" data-image-description=\"\" data-image-caption=\"\" data-medium-file=\"https:\/\/www.joaquinlois.com\/catedral-granada\/wp-content\/uploads\/sites\/3\/2023\/04\/DSC06925-500x333.jpg\" data-large-file=\"https:\/\/www.joaquinlois.com\/catedral-granada\/wp-content\/uploads\/sites\/3\/2023\/04\/DSC06925-1024x683.jpg\" \/><\/a>\n\t\t\t<\/div><\/figure><figure class='gallery-item'>\n\t\t\t<div class='gallery-icon landscape'>\n\t\t\t\t<a href='https:\/\/www.joaquinlois.com\/catedral-granada\/restauracion-de-los-tablones-acanlados\/dsc05796\/'><img loading=\"lazy\" decoding=\"async\" width=\"300\" height=\"300\" src=\"https:\/\/www.joaquinlois.com\/catedral-granada\/wp-content\/uploads\/sites\/3\/2023\/04\/DSC05796-300x300.jpg\" class=\"attachment-thumbnail size-thumbnail\" alt=\"\" aria-describedby=\"gallery-1-3583\" srcset=\"https:\/\/www.joaquinlois.com\/catedral-granada\/wp-content\/uploads\/sites\/3\/2023\/04\/DSC05796-300x300.jpg 300w, https:\/\/www.joaquinlois.com\/catedral-granada\/wp-content\/uploads\/sites\/3\/2023\/04\/DSC05796-400x400.jpg 400w\" sizes=\"auto, (max-width: 300px) 100vw, 300px\" data-attachment-id=\"3583\" data-permalink=\"https:\/\/www.joaquinlois.com\/catedral-granada\/restauracion-de-los-tablones-acanlados\/dsc05796\/\" data-orig-file=\"https:\/\/www.joaquinlois.com\/catedral-granada\/wp-content\/uploads\/sites\/3\/2023\/04\/DSC05796.jpg\" data-orig-size=\"1200,953\" data-comments-opened=\"0\" data-image-meta=\"{&quot;aperture&quot;:&quot;0&quot;,&quot;credit&quot;:&quot;&quot;,&quot;camera&quot;:&quot;&quot;,&quot;caption&quot;:&quot;&quot;,&quot;created_timestamp&quot;:&quot;0&quot;,&quot;copyright&quot;:&quot;&quot;,&quot;focal_length&quot;:&quot;0&quot;,&quot;iso&quot;:&quot;0&quot;,&quot;shutter_speed&quot;:&quot;0&quot;,&quot;title&quot;:&quot;&quot;,&quot;orientation&quot;:&quot;0&quot;,&quot;lens&quot;:&quot;&quot;}\" data-image-title=\"Tablon sin pieles\" data-image-description=\"\" data-image-caption=\"&lt;p&gt;tablones limpios de pieles y cola&lt;\/p&gt;\n\" data-medium-file=\"https:\/\/www.joaquinlois.com\/catedral-granada\/wp-content\/uploads\/sites\/3\/2023\/04\/DSC05796-500x397.jpg\" data-large-file=\"https:\/\/www.joaquinlois.com\/catedral-granada\/wp-content\/uploads\/sites\/3\/2023\/04\/DSC05796-1024x813.jpg\" \/><\/a>\n\t\t\t<\/div>\n\t\t\t\t<figcaption class='wp-caption-text gallery-caption' id='gallery-1-3583'>\n\t\t\t\ttablones limpios de pieles y cola\n\t\t\t\t<\/figcaption><\/figure><figure class='gallery-item'>\n\t\t\t<div class='gallery-icon landscape'>\n\t\t\t\t<a href='https:\/\/www.joaquinlois.com\/catedral-granada\/restauracion-de-los-tablones-acanlados\/dsc06039\/'><img loading=\"lazy\" decoding=\"async\" width=\"300\" height=\"300\" src=\"https:\/\/www.joaquinlois.com\/catedral-granada\/wp-content\/uploads\/sites\/3\/2023\/04\/DSC06039-300x300.jpg\" class=\"attachment-thumbnail size-thumbnail\" alt=\"\" aria-describedby=\"gallery-1-3584\" srcset=\"https:\/\/www.joaquinlois.com\/catedral-granada\/wp-content\/uploads\/sites\/3\/2023\/04\/DSC06039-300x300.jpg 300w, https:\/\/www.joaquinlois.com\/catedral-granada\/wp-content\/uploads\/sites\/3\/2023\/04\/DSC06039-400x400.jpg 400w\" sizes=\"auto, (max-width: 300px) 100vw, 300px\" data-attachment-id=\"3584\" data-permalink=\"https:\/\/www.joaquinlois.com\/catedral-granada\/restauracion-de-los-tablones-acanlados\/dsc06039\/\" data-orig-file=\"https:\/\/www.joaquinlois.com\/catedral-granada\/wp-content\/uploads\/sites\/3\/2023\/04\/DSC06039.jpg\" data-orig-size=\"1200,800\" data-comments-opened=\"0\" data-image-meta=\"{&quot;aperture&quot;:&quot;0&quot;,&quot;credit&quot;:&quot;&quot;,&quot;camera&quot;:&quot;&quot;,&quot;caption&quot;:&quot;&quot;,&quot;created_timestamp&quot;:&quot;0&quot;,&quot;copyright&quot;:&quot;&quot;,&quot;focal_length&quot;:&quot;0&quot;,&quot;iso&quot;:&quot;0&quot;,&quot;shutter_speed&quot;:&quot;0&quot;,&quot;title&quot;:&quot;&quot;,&quot;orientation&quot;:&quot;0&quot;,&quot;lens&quot;:&quot;&quot;}\" data-image-title=\"DSC06039\" data-image-description=\"\" data-image-caption=\"&lt;p&gt;tablones limpios de pieles y cola&lt;\/p&gt;\n\" data-medium-file=\"https:\/\/www.joaquinlois.com\/catedral-granada\/wp-content\/uploads\/sites\/3\/2023\/04\/DSC06039-500x333.jpg\" data-large-file=\"https:\/\/www.joaquinlois.com\/catedral-granada\/wp-content\/uploads\/sites\/3\/2023\/04\/DSC06039-1024x683.jpg\" \/><\/a>\n\t\t\t<\/div>\n\t\t\t\t<figcaption class='wp-caption-text gallery-caption' id='gallery-1-3584'>\n\t\t\t\ttablones limpios de pieles y cola\n\t\t\t\t<\/figcaption><\/figure>\n\t\t<\/div>\n\n\n\n\n<blockquote class=\"wp-block-quote is-layout-flow wp-block-quote-is-layout-flow\">\n<p>En este momento queda al descubierto el planteamiento y estrategias para dirigir el viento a cada tubo del \u00f3rgano dando lugar a insospechados juegos de caminos.<\/p>\n<\/blockquote>\n\n\n\n<div data-carousel-extra='{&quot;blog_id&quot;:3,&quot;permalink&quot;:&quot;https:\/\/www.joaquinlois.com\/catedral-granada\/restauracion-de-los-tablones-acanlados\/&quot;}' id='gallery-2' class='gallery galleryid-3367 gallery-columns-3 gallery-size-thumbnail'><figure class='gallery-item'>\n\t\t\t<div class='gallery-icon landscape'>\n\t\t\t\t<a href='https:\/\/www.joaquinlois.com\/catedral-granada\/restauracion-de-los-tablones-acanlados\/dsc06799\/'><img loading=\"lazy\" decoding=\"async\" width=\"300\" height=\"300\" src=\"https:\/\/www.joaquinlois.com\/catedral-granada\/wp-content\/uploads\/sites\/3\/2023\/04\/DSC06799-300x300.jpg\" class=\"attachment-thumbnail size-thumbnail\" alt=\"\" srcset=\"https:\/\/www.joaquinlois.com\/catedral-granada\/wp-content\/uploads\/sites\/3\/2023\/04\/DSC06799-300x300.jpg 300w, https:\/\/www.joaquinlois.com\/catedral-granada\/wp-content\/uploads\/sites\/3\/2023\/04\/DSC06799-400x400.jpg 400w\" sizes=\"auto, (max-width: 300px) 100vw, 300px\" data-attachment-id=\"3748\" data-permalink=\"https:\/\/www.joaquinlois.com\/catedral-granada\/restauracion-de-los-tablones-acanlados\/dsc06799\/\" data-orig-file=\"https:\/\/www.joaquinlois.com\/catedral-granada\/wp-content\/uploads\/sites\/3\/2023\/04\/DSC06799.jpg\" data-orig-size=\"1300,738\" data-comments-opened=\"0\" data-image-meta=\"{&quot;aperture&quot;:&quot;0&quot;,&quot;credit&quot;:&quot;&quot;,&quot;camera&quot;:&quot;&quot;,&quot;caption&quot;:&quot;&quot;,&quot;created_timestamp&quot;:&quot;0&quot;,&quot;copyright&quot;:&quot;&quot;,&quot;focal_length&quot;:&quot;0&quot;,&quot;iso&quot;:&quot;0&quot;,&quot;shutter_speed&quot;:&quot;0&quot;,&quot;title&quot;:&quot;&quot;,&quot;orientation&quot;:&quot;0&quot;,&quot;lens&quot;:&quot;&quot;}\" data-image-title=\"DSC06799\" data-image-description=\"\" data-image-caption=\"\" data-medium-file=\"https:\/\/www.joaquinlois.com\/catedral-granada\/wp-content\/uploads\/sites\/3\/2023\/04\/DSC06799-500x284.jpg\" data-large-file=\"https:\/\/www.joaquinlois.com\/catedral-granada\/wp-content\/uploads\/sites\/3\/2023\/04\/DSC06799-1024x581.jpg\" \/><\/a>\n\t\t\t<\/div><\/figure><figure class='gallery-item'>\n\t\t\t<div class='gallery-icon landscape'>\n\t\t\t\t<a href='https:\/\/www.joaquinlois.com\/catedral-granada\/restauracion-de-los-tablones-acanlados\/dsc06801\/'><img loading=\"lazy\" decoding=\"async\" width=\"300\" height=\"300\" src=\"https:\/\/www.joaquinlois.com\/catedral-granada\/wp-content\/uploads\/sites\/3\/2023\/04\/DSC06801-300x300.jpg\" class=\"attachment-thumbnail size-thumbnail\" alt=\"\" srcset=\"https:\/\/www.joaquinlois.com\/catedral-granada\/wp-content\/uploads\/sites\/3\/2023\/04\/DSC06801-300x300.jpg 300w, https:\/\/www.joaquinlois.com\/catedral-granada\/wp-content\/uploads\/sites\/3\/2023\/04\/DSC06801-400x400.jpg 400w\" sizes=\"auto, (max-width: 300px) 100vw, 300px\" data-attachment-id=\"3749\" data-permalink=\"https:\/\/www.joaquinlois.com\/catedral-granada\/restauracion-de-los-tablones-acanlados\/dsc06801\/\" data-orig-file=\"https:\/\/www.joaquinlois.com\/catedral-granada\/wp-content\/uploads\/sites\/3\/2023\/04\/DSC06801.jpg\" data-orig-size=\"1300,867\" data-comments-opened=\"0\" data-image-meta=\"{&quot;aperture&quot;:&quot;0&quot;,&quot;credit&quot;:&quot;&quot;,&quot;camera&quot;:&quot;&quot;,&quot;caption&quot;:&quot;&quot;,&quot;created_timestamp&quot;:&quot;0&quot;,&quot;copyright&quot;:&quot;&quot;,&quot;focal_length&quot;:&quot;0&quot;,&quot;iso&quot;:&quot;0&quot;,&quot;shutter_speed&quot;:&quot;0&quot;,&quot;title&quot;:&quot;&quot;,&quot;orientation&quot;:&quot;0&quot;,&quot;lens&quot;:&quot;&quot;}\" data-image-title=\"DSC06801\" data-image-description=\"\" data-image-caption=\"\" data-medium-file=\"https:\/\/www.joaquinlois.com\/catedral-granada\/wp-content\/uploads\/sites\/3\/2023\/04\/DSC06801-500x333.jpg\" data-large-file=\"https:\/\/www.joaquinlois.com\/catedral-granada\/wp-content\/uploads\/sites\/3\/2023\/04\/DSC06801-1024x683.jpg\" \/><\/a>\n\t\t\t<\/div><\/figure><figure class='gallery-item'>\n\t\t\t<div class='gallery-icon landscape'>\n\t\t\t\t<a href='https:\/\/www.joaquinlois.com\/catedral-granada\/restauracion-de-los-tablones-acanlados\/dsc06835\/'><img loading=\"lazy\" decoding=\"async\" width=\"300\" height=\"300\" src=\"https:\/\/www.joaquinlois.com\/catedral-granada\/wp-content\/uploads\/sites\/3\/2023\/04\/DSC06835-300x300.jpg\" class=\"attachment-thumbnail size-thumbnail\" alt=\"\" srcset=\"https:\/\/www.joaquinlois.com\/catedral-granada\/wp-content\/uploads\/sites\/3\/2023\/04\/DSC06835-300x300.jpg 300w, https:\/\/www.joaquinlois.com\/catedral-granada\/wp-content\/uploads\/sites\/3\/2023\/04\/DSC06835-400x400.jpg 400w\" sizes=\"auto, (max-width: 300px) 100vw, 300px\" data-attachment-id=\"3750\" data-permalink=\"https:\/\/www.joaquinlois.com\/catedral-granada\/restauracion-de-los-tablones-acanlados\/dsc06835\/\" data-orig-file=\"https:\/\/www.joaquinlois.com\/catedral-granada\/wp-content\/uploads\/sites\/3\/2023\/04\/DSC06835.jpg\" data-orig-size=\"1300,867\" data-comments-opened=\"0\" data-image-meta=\"{&quot;aperture&quot;:&quot;0&quot;,&quot;credit&quot;:&quot;&quot;,&quot;camera&quot;:&quot;&quot;,&quot;caption&quot;:&quot;&quot;,&quot;created_timestamp&quot;:&quot;0&quot;,&quot;copyright&quot;:&quot;&quot;,&quot;focal_length&quot;:&quot;0&quot;,&quot;iso&quot;:&quot;0&quot;,&quot;shutter_speed&quot;:&quot;0&quot;,&quot;title&quot;:&quot;&quot;,&quot;orientation&quot;:&quot;0&quot;,&quot;lens&quot;:&quot;&quot;}\" data-image-title=\"DSC06835\" data-image-description=\"\" data-image-caption=\"\" data-medium-file=\"https:\/\/www.joaquinlois.com\/catedral-granada\/wp-content\/uploads\/sites\/3\/2023\/04\/DSC06835-500x333.jpg\" data-large-file=\"https:\/\/www.joaquinlois.com\/catedral-granada\/wp-content\/uploads\/sites\/3\/2023\/04\/DSC06835-1024x683.jpg\" \/><\/a>\n\t\t\t<\/div><\/figure><figure class='gallery-item'>\n\t\t\t<div class='gallery-icon landscape'>\n\t\t\t\t<a href='https:\/\/www.joaquinlois.com\/catedral-granada\/restauracion-de-los-tablones-acanlados\/dsc06837\/'><img loading=\"lazy\" decoding=\"async\" width=\"300\" height=\"300\" src=\"https:\/\/www.joaquinlois.com\/catedral-granada\/wp-content\/uploads\/sites\/3\/2023\/04\/DSC06837-300x300.jpg\" class=\"attachment-thumbnail size-thumbnail\" alt=\"\" srcset=\"https:\/\/www.joaquinlois.com\/catedral-granada\/wp-content\/uploads\/sites\/3\/2023\/04\/DSC06837-300x300.jpg 300w, https:\/\/www.joaquinlois.com\/catedral-granada\/wp-content\/uploads\/sites\/3\/2023\/04\/DSC06837-400x400.jpg 400w\" sizes=\"auto, (max-width: 300px) 100vw, 300px\" data-attachment-id=\"3581\" data-permalink=\"https:\/\/www.joaquinlois.com\/catedral-granada\/restauracion-de-los-tablones-acanlados\/dsc06837\/\" data-orig-file=\"https:\/\/www.joaquinlois.com\/catedral-granada\/wp-content\/uploads\/sites\/3\/2023\/04\/DSC06837.jpg\" data-orig-size=\"1200,800\" data-comments-opened=\"0\" data-image-meta=\"{&quot;aperture&quot;:&quot;0&quot;,&quot;credit&quot;:&quot;&quot;,&quot;camera&quot;:&quot;&quot;,&quot;caption&quot;:&quot;&quot;,&quot;created_timestamp&quot;:&quot;0&quot;,&quot;copyright&quot;:&quot;&quot;,&quot;focal_length&quot;:&quot;0&quot;,&quot;iso&quot;:&quot;0&quot;,&quot;shutter_speed&quot;:&quot;0&quot;,&quot;title&quot;:&quot;&quot;,&quot;orientation&quot;:&quot;0&quot;,&quot;lens&quot;:&quot;&quot;}\" data-image-title=\"DSC06837\" data-image-description=\"\" data-image-caption=\"\" data-medium-file=\"https:\/\/www.joaquinlois.com\/catedral-granada\/wp-content\/uploads\/sites\/3\/2023\/04\/DSC06837-500x333.jpg\" data-large-file=\"https:\/\/www.joaquinlois.com\/catedral-granada\/wp-content\/uploads\/sites\/3\/2023\/04\/DSC06837-1024x683.jpg\" \/><\/a>\n\t\t\t<\/div><\/figure>\n\t\t<\/div>\n\n\n\n\n<h3 class=\"wp-block-heading\">Sellado de canales<\/h3>\n\n\n\n<p>Posteriormente se procede al sellado para asegurar la estanqueidad de todos los canales y en toda su longitud. Se emplean estucos tradicionales y piel fina, posteriormente son cerrados con papel para realizar su posterior comprobaci\u00f3n.<\/p>\n\n\n\n<div data-carousel-extra='{&quot;blog_id&quot;:3,&quot;permalink&quot;:&quot;https:\/\/www.joaquinlois.com\/catedral-granada\/restauracion-de-los-tablones-acanlados\/&quot;}' id='gallery-3' class='gallery galleryid-3367 gallery-columns-3 gallery-size-thumbnail'><figure class='gallery-item'>\n\t\t\t<div class='gallery-icon landscape'>\n\t\t\t\t<a href='https:\/\/www.joaquinlois.com\/catedral-granada\/restauracion-de-los-tablones-acanlados\/mg_2474\/'><img loading=\"lazy\" decoding=\"async\" width=\"300\" height=\"300\" src=\"https:\/\/www.joaquinlois.com\/catedral-granada\/wp-content\/uploads\/sites\/3\/2023\/04\/MG_2474-300x300.jpg\" class=\"attachment-thumbnail size-thumbnail\" alt=\"\" aria-describedby=\"gallery-3-3400\" srcset=\"https:\/\/www.joaquinlois.com\/catedral-granada\/wp-content\/uploads\/sites\/3\/2023\/04\/MG_2474-300x300.jpg 300w, https:\/\/www.joaquinlois.com\/catedral-granada\/wp-content\/uploads\/sites\/3\/2023\/04\/MG_2474-400x400.jpg 400w\" sizes=\"auto, (max-width: 300px) 100vw, 300px\" data-attachment-id=\"3400\" data-permalink=\"https:\/\/www.joaquinlois.com\/catedral-granada\/restauracion-de-los-tablones-acanlados\/mg_2474\/\" data-orig-file=\"https:\/\/www.joaquinlois.com\/catedral-granada\/wp-content\/uploads\/sites\/3\/2023\/04\/MG_2474.jpg\" data-orig-size=\"1100,733\" data-comments-opened=\"0\" data-image-meta=\"{&quot;aperture&quot;:&quot;0&quot;,&quot;credit&quot;:&quot;&quot;,&quot;camera&quot;:&quot;&quot;,&quot;caption&quot;:&quot;&quot;,&quot;created_timestamp&quot;:&quot;0&quot;,&quot;copyright&quot;:&quot;&quot;,&quot;focal_length&quot;:&quot;0&quot;,&quot;iso&quot;:&quot;0&quot;,&quot;shutter_speed&quot;:&quot;0&quot;,&quot;title&quot;:&quot;&quot;,&quot;orientation&quot;:&quot;0&quot;,&quot;lens&quot;:&quot;&quot;}\" data-image-title=\"Trabajos en tablones acanalados\" data-image-description=\"\" data-image-caption=\"&lt;p&gt;Sellado de los canales&lt;\/p&gt;\n\" data-medium-file=\"https:\/\/www.joaquinlois.com\/catedral-granada\/wp-content\/uploads\/sites\/3\/2023\/04\/MG_2474-500x333.jpg\" data-large-file=\"https:\/\/www.joaquinlois.com\/catedral-granada\/wp-content\/uploads\/sites\/3\/2023\/04\/MG_2474-1024x682.jpg\" \/><\/a>\n\t\t\t<\/div>\n\t\t\t\t<figcaption class='wp-caption-text gallery-caption' id='gallery-3-3400'>\n\t\t\t\tSellado de los canales\n\t\t\t\t<\/figcaption><\/figure><figure class='gallery-item'>\n\t\t\t<div class='gallery-icon landscape'>\n\t\t\t\t<a href='https:\/\/www.joaquinlois.com\/catedral-granada\/restauracion-de-los-tablones-acanlados\/mg_0017\/'><img loading=\"lazy\" decoding=\"async\" width=\"300\" height=\"300\" src=\"https:\/\/www.joaquinlois.com\/catedral-granada\/wp-content\/uploads\/sites\/3\/2023\/04\/MG_0017-300x300.jpg\" class=\"attachment-thumbnail size-thumbnail\" alt=\"Preparaci\u00f3n para el sellado\" aria-describedby=\"gallery-3-3403\" srcset=\"https:\/\/www.joaquinlois.com\/catedral-granada\/wp-content\/uploads\/sites\/3\/2023\/04\/MG_0017-300x300.jpg 300w, https:\/\/www.joaquinlois.com\/catedral-granada\/wp-content\/uploads\/sites\/3\/2023\/04\/MG_0017-400x400.jpg 400w\" sizes=\"auto, (max-width: 300px) 100vw, 300px\" data-attachment-id=\"3403\" data-permalink=\"https:\/\/www.joaquinlois.com\/catedral-granada\/restauracion-de-los-tablones-acanlados\/mg_0017\/\" data-orig-file=\"https:\/\/www.joaquinlois.com\/catedral-granada\/wp-content\/uploads\/sites\/3\/2023\/04\/MG_0017.jpg\" data-orig-size=\"1100,733\" data-comments-opened=\"0\" data-image-meta=\"{&quot;aperture&quot;:&quot;0&quot;,&quot;credit&quot;:&quot;&quot;,&quot;camera&quot;:&quot;&quot;,&quot;caption&quot;:&quot;&quot;,&quot;created_timestamp&quot;:&quot;0&quot;,&quot;copyright&quot;:&quot;&quot;,&quot;focal_length&quot;:&quot;0&quot;,&quot;iso&quot;:&quot;0&quot;,&quot;shutter_speed&quot;:&quot;0&quot;,&quot;title&quot;:&quot;&quot;,&quot;orientation&quot;:&quot;0&quot;,&quot;lens&quot;:&quot;&quot;}\" data-image-title=\"Preparaci\u00f3n para el sellado\" data-image-description=\"\" data-image-caption=\"&lt;p&gt;Preparaci\u00f3n para el sellado&lt;\/p&gt;\n\" data-medium-file=\"https:\/\/www.joaquinlois.com\/catedral-granada\/wp-content\/uploads\/sites\/3\/2023\/04\/MG_0017-500x333.jpg\" data-large-file=\"https:\/\/www.joaquinlois.com\/catedral-granada\/wp-content\/uploads\/sites\/3\/2023\/04\/MG_0017-1024x682.jpg\" \/><\/a>\n\t\t\t<\/div>\n\t\t\t\t<figcaption class='wp-caption-text gallery-caption' id='gallery-3-3403'>\n\t\t\t\tPreparaci\u00f3n para el sellado\n\t\t\t\t<\/figcaption><\/figure><figure class='gallery-item'>\n\t\t\t<div class='gallery-icon portrait'>\n\t\t\t\t<a href='https:\/\/www.joaquinlois.com\/catedral-granada\/restauracion-de-los-tablones-acanlados\/mg_0015\/'><img loading=\"lazy\" decoding=\"async\" width=\"300\" height=\"300\" src=\"https:\/\/www.joaquinlois.com\/catedral-granada\/wp-content\/uploads\/sites\/3\/2023\/04\/MG_0015-300x300.jpg\" class=\"attachment-thumbnail size-thumbnail\" alt=\"\" aria-describedby=\"gallery-3-3402\" srcset=\"https:\/\/www.joaquinlois.com\/catedral-granada\/wp-content\/uploads\/sites\/3\/2023\/04\/MG_0015-300x300.jpg 300w, https:\/\/www.joaquinlois.com\/catedral-granada\/wp-content\/uploads\/sites\/3\/2023\/04\/MG_0015-400x400.jpg 400w\" sizes=\"auto, (max-width: 300px) 100vw, 300px\" data-attachment-id=\"3402\" data-permalink=\"https:\/\/www.joaquinlois.com\/catedral-granada\/restauracion-de-los-tablones-acanlados\/mg_0015\/\" data-orig-file=\"https:\/\/www.joaquinlois.com\/catedral-granada\/wp-content\/uploads\/sites\/3\/2023\/04\/MG_0015.jpg\" data-orig-size=\"800,1200\" data-comments-opened=\"0\" data-image-meta=\"{&quot;aperture&quot;:&quot;0&quot;,&quot;credit&quot;:&quot;&quot;,&quot;camera&quot;:&quot;&quot;,&quot;caption&quot;:&quot;&quot;,&quot;created_timestamp&quot;:&quot;0&quot;,&quot;copyright&quot;:&quot;&quot;,&quot;focal_length&quot;:&quot;0&quot;,&quot;iso&quot;:&quot;0&quot;,&quot;shutter_speed&quot;:&quot;0&quot;,&quot;title&quot;:&quot;&quot;,&quot;orientation&quot;:&quot;0&quot;,&quot;lens&quot;:&quot;&quot;}\" data-image-title=\"MG_0015\" data-image-description=\"\" data-image-caption=\"&lt;p&gt;Sellado de los canales&lt;\/p&gt;\n\" data-medium-file=\"https:\/\/www.joaquinlois.com\/catedral-granada\/wp-content\/uploads\/sites\/3\/2023\/04\/MG_0015-333x500.jpg\" data-large-file=\"https:\/\/www.joaquinlois.com\/catedral-granada\/wp-content\/uploads\/sites\/3\/2023\/04\/MG_0015-683x1024.jpg\" \/><\/a>\n\t\t\t<\/div>\n\t\t\t\t<figcaption class='wp-caption-text gallery-caption' id='gallery-3-3402'>\n\t\t\t\tSellado de los canales\n\t\t\t\t<\/figcaption><\/figure><figure class='gallery-item'>\n\t\t\t<div class='gallery-icon landscape'>\n\t\t\t\t<a href='https:\/\/www.joaquinlois.com\/catedral-granada\/restauracion-de-los-tablones-acanlados\/dsc06180\/'><img loading=\"lazy\" decoding=\"async\" width=\"300\" height=\"300\" src=\"https:\/\/www.joaquinlois.com\/catedral-granada\/wp-content\/uploads\/sites\/3\/2023\/04\/DSC06180-300x300.jpg\" class=\"attachment-thumbnail size-thumbnail\" alt=\"\" srcset=\"https:\/\/www.joaquinlois.com\/catedral-granada\/wp-content\/uploads\/sites\/3\/2023\/04\/DSC06180-300x300.jpg 300w, https:\/\/www.joaquinlois.com\/catedral-granada\/wp-content\/uploads\/sites\/3\/2023\/04\/DSC06180-400x400.jpg 400w\" sizes=\"auto, (max-width: 300px) 100vw, 300px\" data-attachment-id=\"3398\" data-permalink=\"https:\/\/www.joaquinlois.com\/catedral-granada\/restauracion-de-los-tablones-acanlados\/dsc06180\/\" data-orig-file=\"https:\/\/www.joaquinlois.com\/catedral-granada\/wp-content\/uploads\/sites\/3\/2023\/04\/DSC06180.jpg\" data-orig-size=\"1100,733\" data-comments-opened=\"0\" data-image-meta=\"{&quot;aperture&quot;:&quot;0&quot;,&quot;credit&quot;:&quot;&quot;,&quot;camera&quot;:&quot;&quot;,&quot;caption&quot;:&quot;&quot;,&quot;created_timestamp&quot;:&quot;0&quot;,&quot;copyright&quot;:&quot;&quot;,&quot;focal_length&quot;:&quot;0&quot;,&quot;iso&quot;:&quot;0&quot;,&quot;shutter_speed&quot;:&quot;0&quot;,&quot;title&quot;:&quot;&quot;,&quot;orientation&quot;:&quot;0&quot;,&quot;lens&quot;:&quot;&quot;}\" data-image-title=\"DSC06180\" data-image-description=\"\" data-image-caption=\"\" data-medium-file=\"https:\/\/www.joaquinlois.com\/catedral-granada\/wp-content\/uploads\/sites\/3\/2023\/04\/DSC06180-500x333.jpg\" data-large-file=\"https:\/\/www.joaquinlois.com\/catedral-granada\/wp-content\/uploads\/sites\/3\/2023\/04\/DSC06180-1024x682.jpg\" \/><\/a>\n\t\t\t<\/div><\/figure><figure class='gallery-item'>\n\t\t\t<div class='gallery-icon portrait'>\n\t\t\t\t<a href='https:\/\/www.joaquinlois.com\/catedral-granada\/restauracion-de-los-tablones-acanlados\/mg_0007\/'><img loading=\"lazy\" decoding=\"async\" width=\"300\" height=\"300\" src=\"https:\/\/www.joaquinlois.com\/catedral-granada\/wp-content\/uploads\/sites\/3\/2023\/04\/MG_0007-300x300.jpg\" class=\"attachment-thumbnail size-thumbnail\" alt=\"\" srcset=\"https:\/\/www.joaquinlois.com\/catedral-granada\/wp-content\/uploads\/sites\/3\/2023\/04\/MG_0007-300x300.jpg 300w, https:\/\/www.joaquinlois.com\/catedral-granada\/wp-content\/uploads\/sites\/3\/2023\/04\/MG_0007-400x400.jpg 400w\" sizes=\"auto, (max-width: 300px) 100vw, 300px\" data-attachment-id=\"3404\" data-permalink=\"https:\/\/www.joaquinlois.com\/catedral-granada\/restauracion-de-los-tablones-acanlados\/mg_0007\/\" data-orig-file=\"https:\/\/www.joaquinlois.com\/catedral-granada\/wp-content\/uploads\/sites\/3\/2023\/04\/MG_0007.jpg\" data-orig-size=\"800,1200\" data-comments-opened=\"0\" data-image-meta=\"{&quot;aperture&quot;:&quot;0&quot;,&quot;credit&quot;:&quot;&quot;,&quot;camera&quot;:&quot;&quot;,&quot;caption&quot;:&quot;&quot;,&quot;created_timestamp&quot;:&quot;0&quot;,&quot;copyright&quot;:&quot;&quot;,&quot;focal_length&quot;:&quot;0&quot;,&quot;iso&quot;:&quot;0&quot;,&quot;shutter_speed&quot;:&quot;0&quot;,&quot;title&quot;:&quot;&quot;,&quot;orientation&quot;:&quot;0&quot;,&quot;lens&quot;:&quot;&quot;}\" data-image-title=\"MG_0007\" data-image-description=\"\" data-image-caption=\"\" data-medium-file=\"https:\/\/www.joaquinlois.com\/catedral-granada\/wp-content\/uploads\/sites\/3\/2023\/04\/MG_0007-333x500.jpg\" data-large-file=\"https:\/\/www.joaquinlois.com\/catedral-granada\/wp-content\/uploads\/sites\/3\/2023\/04\/MG_0007-683x1024.jpg\" \/><\/a>\n\t\t\t<\/div><\/figure><figure class='gallery-item'>\n\t\t\t<div class='gallery-icon landscape'>\n\t\t\t\t<a href='https:\/\/www.joaquinlois.com\/catedral-granada\/restauracion-de-los-tablones-acanlados\/dsc05576_1\/'><img loading=\"lazy\" decoding=\"async\" width=\"300\" height=\"300\" src=\"https:\/\/www.joaquinlois.com\/catedral-granada\/wp-content\/uploads\/sites\/3\/2023\/04\/DSC05576_1-300x300.jpg\" class=\"attachment-thumbnail size-thumbnail\" alt=\"\" srcset=\"https:\/\/www.joaquinlois.com\/catedral-granada\/wp-content\/uploads\/sites\/3\/2023\/04\/DSC05576_1-300x300.jpg 300w, https:\/\/www.joaquinlois.com\/catedral-granada\/wp-content\/uploads\/sites\/3\/2023\/04\/DSC05576_1-400x400.jpg 400w\" sizes=\"auto, (max-width: 300px) 100vw, 300px\" data-attachment-id=\"3588\" data-permalink=\"https:\/\/www.joaquinlois.com\/catedral-granada\/restauracion-de-los-tablones-acanlados\/dsc05576_1\/\" data-orig-file=\"https:\/\/www.joaquinlois.com\/catedral-granada\/wp-content\/uploads\/sites\/3\/2023\/04\/DSC05576_1.jpg\" data-orig-size=\"1200,800\" data-comments-opened=\"0\" data-image-meta=\"{&quot;aperture&quot;:&quot;0&quot;,&quot;credit&quot;:&quot;&quot;,&quot;camera&quot;:&quot;&quot;,&quot;caption&quot;:&quot;&quot;,&quot;created_timestamp&quot;:&quot;0&quot;,&quot;copyright&quot;:&quot;&quot;,&quot;focal_length&quot;:&quot;0&quot;,&quot;iso&quot;:&quot;0&quot;,&quot;shutter_speed&quot;:&quot;0&quot;,&quot;title&quot;:&quot;&quot;,&quot;orientation&quot;:&quot;0&quot;,&quot;lens&quot;:&quot;&quot;}\" data-image-title=\"DSC05576_1\" data-image-description=\"\" data-image-caption=\"\" data-medium-file=\"https:\/\/www.joaquinlois.com\/catedral-granada\/wp-content\/uploads\/sites\/3\/2023\/04\/DSC05576_1-500x333.jpg\" data-large-file=\"https:\/\/www.joaquinlois.com\/catedral-granada\/wp-content\/uploads\/sites\/3\/2023\/04\/DSC05576_1-1024x683.jpg\" \/><\/a>\n\t\t\t<\/div><\/figure><figure class='gallery-item'>\n\t\t\t<div class='gallery-icon landscape'>\n\t\t\t\t<a href='https:\/\/www.joaquinlois.com\/catedral-granada\/restauracion-de-los-tablones-acanlados\/_mg_0034_1\/'><img loading=\"lazy\" decoding=\"async\" width=\"300\" height=\"300\" src=\"https:\/\/www.joaquinlois.com\/catedral-granada\/wp-content\/uploads\/sites\/3\/2023\/04\/MG_0034_1-300x300.jpg\" class=\"attachment-thumbnail size-thumbnail\" alt=\"\" aria-describedby=\"gallery-3-3587\" srcset=\"https:\/\/www.joaquinlois.com\/catedral-granada\/wp-content\/uploads\/sites\/3\/2023\/04\/MG_0034_1-300x300.jpg 300w, https:\/\/www.joaquinlois.com\/catedral-granada\/wp-content\/uploads\/sites\/3\/2023\/04\/MG_0034_1-400x400.jpg 400w\" sizes=\"auto, (max-width: 300px) 100vw, 300px\" data-attachment-id=\"3587\" data-permalink=\"https:\/\/www.joaquinlois.com\/catedral-granada\/restauracion-de-los-tablones-acanlados\/_mg_0034_1\/\" data-orig-file=\"https:\/\/www.joaquinlois.com\/catedral-granada\/wp-content\/uploads\/sites\/3\/2023\/04\/MG_0034_1.jpg\" data-orig-size=\"1200,911\" data-comments-opened=\"0\" data-image-meta=\"{&quot;aperture&quot;:&quot;0&quot;,&quot;credit&quot;:&quot;&quot;,&quot;camera&quot;:&quot;&quot;,&quot;caption&quot;:&quot;&quot;,&quot;created_timestamp&quot;:&quot;0&quot;,&quot;copyright&quot;:&quot;&quot;,&quot;focal_length&quot;:&quot;0&quot;,&quot;iso&quot;:&quot;0&quot;,&quot;shutter_speed&quot;:&quot;0&quot;,&quot;title&quot;:&quot;&quot;,&quot;orientation&quot;:&quot;0&quot;,&quot;lens&quot;:&quot;&quot;}\" data-image-title=\"_MG_0034_1\" data-image-description=\"\" data-image-caption=\"&lt;p&gt;Tabl\u00f3n restaurado sin pieles antes de las pruebas&lt;\/p&gt;\n\" data-medium-file=\"https:\/\/www.joaquinlois.com\/catedral-granada\/wp-content\/uploads\/sites\/3\/2023\/04\/MG_0034_1-500x380.jpg\" data-large-file=\"https:\/\/www.joaquinlois.com\/catedral-granada\/wp-content\/uploads\/sites\/3\/2023\/04\/MG_0034_1-1024x777.jpg\" \/><\/a>\n\t\t\t<\/div>\n\t\t\t\t<figcaption class='wp-caption-text gallery-caption' id='gallery-3-3587'>\n\t\t\t\tTabl\u00f3n restaurado sin pieles antes de las pruebas\n\t\t\t\t<\/figcaption><\/figure><figure class='gallery-item'>\n\t\t\t<div class='gallery-icon portrait'>\n\t\t\t\t<a href='https:\/\/www.joaquinlois.com\/catedral-granada\/restauracion-de-los-tablones-acanlados\/_mg_0032_1\/'><img loading=\"lazy\" decoding=\"async\" width=\"300\" height=\"300\" src=\"https:\/\/www.joaquinlois.com\/catedral-granada\/wp-content\/uploads\/sites\/3\/2023\/04\/MG_0032_1-300x300.jpg\" class=\"attachment-thumbnail size-thumbnail\" alt=\"\" srcset=\"https:\/\/www.joaquinlois.com\/catedral-granada\/wp-content\/uploads\/sites\/3\/2023\/04\/MG_0032_1-300x300.jpg 300w, https:\/\/www.joaquinlois.com\/catedral-granada\/wp-content\/uploads\/sites\/3\/2023\/04\/MG_0032_1-400x400.jpg 400w\" sizes=\"auto, (max-width: 300px) 100vw, 300px\" data-attachment-id=\"3586\" data-permalink=\"https:\/\/www.joaquinlois.com\/catedral-granada\/restauracion-de-los-tablones-acanlados\/_mg_0032_1\/\" data-orig-file=\"https:\/\/www.joaquinlois.com\/catedral-granada\/wp-content\/uploads\/sites\/3\/2023\/04\/MG_0032_1.jpg\" data-orig-size=\"1044,1300\" data-comments-opened=\"0\" data-image-meta=\"{&quot;aperture&quot;:&quot;0&quot;,&quot;credit&quot;:&quot;&quot;,&quot;camera&quot;:&quot;&quot;,&quot;caption&quot;:&quot;&quot;,&quot;created_timestamp&quot;:&quot;0&quot;,&quot;copyright&quot;:&quot;&quot;,&quot;focal_length&quot;:&quot;0&quot;,&quot;iso&quot;:&quot;0&quot;,&quot;shutter_speed&quot;:&quot;0&quot;,&quot;title&quot;:&quot;&quot;,&quot;orientation&quot;:&quot;0&quot;,&quot;lens&quot;:&quot;&quot;}\" data-image-title=\"_MG_0032_1\" data-image-description=\"\" data-image-caption=\"\" data-medium-file=\"https:\/\/www.joaquinlois.com\/catedral-granada\/wp-content\/uploads\/sites\/3\/2023\/04\/MG_0032_1-402x500.jpg\" data-large-file=\"https:\/\/www.joaquinlois.com\/catedral-granada\/wp-content\/uploads\/sites\/3\/2023\/04\/MG_0032_1-822x1024.jpg\" \/><\/a>\n\t\t\t<\/div><\/figure><figure class='gallery-item'>\n\t\t\t<div class='gallery-icon landscape'>\n\t\t\t\t<a href='https:\/\/www.joaquinlois.com\/catedral-granada\/restauracion-de-los-tablones-acanlados\/_mg_0025_1\/'><img loading=\"lazy\" decoding=\"async\" width=\"300\" height=\"300\" src=\"https:\/\/www.joaquinlois.com\/catedral-granada\/wp-content\/uploads\/sites\/3\/2023\/04\/MG_0025_1-300x300.jpg\" class=\"attachment-thumbnail size-thumbnail\" alt=\"\" aria-describedby=\"gallery-3-3585\" srcset=\"https:\/\/www.joaquinlois.com\/catedral-granada\/wp-content\/uploads\/sites\/3\/2023\/04\/MG_0025_1-300x300.jpg 300w, https:\/\/www.joaquinlois.com\/catedral-granada\/wp-content\/uploads\/sites\/3\/2023\/04\/MG_0025_1-400x400.jpg 400w\" sizes=\"auto, (max-width: 300px) 100vw, 300px\" data-attachment-id=\"3585\" data-permalink=\"https:\/\/www.joaquinlois.com\/catedral-granada\/restauracion-de-los-tablones-acanlados\/_mg_0025_1\/\" data-orig-file=\"https:\/\/www.joaquinlois.com\/catedral-granada\/wp-content\/uploads\/sites\/3\/2023\/04\/MG_0025_1.jpg\" data-orig-size=\"1200,764\" data-comments-opened=\"0\" data-image-meta=\"{&quot;aperture&quot;:&quot;0&quot;,&quot;credit&quot;:&quot;&quot;,&quot;camera&quot;:&quot;&quot;,&quot;caption&quot;:&quot;&quot;,&quot;created_timestamp&quot;:&quot;0&quot;,&quot;copyright&quot;:&quot;&quot;,&quot;focal_length&quot;:&quot;0&quot;,&quot;iso&quot;:&quot;0&quot;,&quot;shutter_speed&quot;:&quot;0&quot;,&quot;title&quot;:&quot;&quot;,&quot;orientation&quot;:&quot;0&quot;,&quot;lens&quot;:&quot;&quot;}\" data-image-title=\"_MG_0025_1\" data-image-description=\"\" data-image-caption=\"&lt;p&gt;Tabl\u00f3n con papel para realizar pruebas&lt;\/p&gt;\n\" data-medium-file=\"https:\/\/www.joaquinlois.com\/catedral-granada\/wp-content\/uploads\/sites\/3\/2023\/04\/MG_0025_1-500x318.jpg\" data-large-file=\"https:\/\/www.joaquinlois.com\/catedral-granada\/wp-content\/uploads\/sites\/3\/2023\/04\/MG_0025_1-1024x652.jpg\" \/><\/a>\n\t\t\t<\/div>\n\t\t\t\t<figcaption class='wp-caption-text gallery-caption' id='gallery-3-3585'>\n\t\t\t\tTabl\u00f3n con papel para realizar pruebas\n\t\t\t\t<\/figcaption><\/figure>\n\t\t<\/div>\n\n\n\n\n<h3 class=\"wp-block-heading\">Pruebas de estanqueidad<\/h3>\n\n\n\n<p>Despu\u00e9s de realizarse estas pruebas se encolan pieles \u00abvaldr\u00e9s\u00bb nuevas. <\/p>\n\n\n\n<div data-carousel-extra='{&quot;blog_id&quot;:3,&quot;permalink&quot;:&quot;https:\/\/www.joaquinlois.com\/catedral-granada\/restauracion-de-los-tablones-acanlados\/&quot;}' id='gallery-4' class='gallery galleryid-3367 gallery-columns-3 gallery-size-thumbnail'><figure class='gallery-item'>\n\t\t\t<div class='gallery-icon landscape'>\n\t\t\t\t<a href='https:\/\/www.joaquinlois.com\/catedral-granada\/restauracion-de-los-tablones-acanlados\/dsc06995\/'><img loading=\"lazy\" decoding=\"async\" width=\"300\" height=\"300\" src=\"https:\/\/www.joaquinlois.com\/catedral-granada\/wp-content\/uploads\/sites\/3\/2023\/04\/DSC06995-300x300.jpg\" class=\"attachment-thumbnail size-thumbnail\" alt=\"\" aria-describedby=\"gallery-4-3580\" srcset=\"https:\/\/www.joaquinlois.com\/catedral-granada\/wp-content\/uploads\/sites\/3\/2023\/04\/DSC06995-300x300.jpg 300w, https:\/\/www.joaquinlois.com\/catedral-granada\/wp-content\/uploads\/sites\/3\/2023\/04\/DSC06995-400x400.jpg 400w\" sizes=\"auto, (max-width: 300px) 100vw, 300px\" data-attachment-id=\"3580\" data-permalink=\"https:\/\/www.joaquinlois.com\/catedral-granada\/restauracion-de-los-tablones-acanlados\/dsc06995\/\" data-orig-file=\"https:\/\/www.joaquinlois.com\/catedral-granada\/wp-content\/uploads\/sites\/3\/2023\/04\/DSC06995.jpg\" data-orig-size=\"1200,800\" data-comments-opened=\"0\" data-image-meta=\"{&quot;aperture&quot;:&quot;0&quot;,&quot;credit&quot;:&quot;&quot;,&quot;camera&quot;:&quot;&quot;,&quot;caption&quot;:&quot;&quot;,&quot;created_timestamp&quot;:&quot;0&quot;,&quot;copyright&quot;:&quot;&quot;,&quot;focal_length&quot;:&quot;0&quot;,&quot;iso&quot;:&quot;0&quot;,&quot;shutter_speed&quot;:&quot;0&quot;,&quot;title&quot;:&quot;&quot;,&quot;orientation&quot;:&quot;0&quot;,&quot;lens&quot;:&quot;&quot;}\" data-image-title=\"Comprobaciones\" data-image-description=\"\" data-image-caption=\"&lt;p&gt;Pruebas de estanqueidad&lt;\/p&gt;\n\" data-medium-file=\"https:\/\/www.joaquinlois.com\/catedral-granada\/wp-content\/uploads\/sites\/3\/2023\/04\/DSC06995-500x333.jpg\" data-large-file=\"https:\/\/www.joaquinlois.com\/catedral-granada\/wp-content\/uploads\/sites\/3\/2023\/04\/DSC06995-1024x683.jpg\" \/><\/a>\n\t\t\t<\/div>\n\t\t\t\t<figcaption class='wp-caption-text gallery-caption' id='gallery-4-3580'>\n\t\t\t\tPruebas de estanqueidad\n\t\t\t\t<\/figcaption><\/figure>\n\t\t<\/div>\n\n\n\n\n<h2 class=\"wp-block-heading\">Restauraci\u00f3n de los tablones verticales <\/h2>\n\n\n\n<p>Se trata de unos tabletos ranurados longitudinalmente con canales paralelos. Estos suben el viento con el mismo reparto del secreto a la altura de los tubos de fachada.<\/p>\n\n\n\n<div data-carousel-extra='{&quot;blog_id&quot;:3,&quot;permalink&quot;:&quot;https:\/\/www.joaquinlois.com\/catedral-granada\/restauracion-de-los-tablones-acanlados\/&quot;}' id='gallery-5' class='gallery galleryid-3367 gallery-columns-3 gallery-size-thumbnail'><figure class='gallery-item'>\n\t\t\t<div class='gallery-icon landscape'>\n\t\t\t\t<a href='https:\/\/www.joaquinlois.com\/catedral-granada\/restauracion-de-los-tablones-acanlados\/dsc05360\/'><img loading=\"lazy\" decoding=\"async\" width=\"300\" height=\"300\" src=\"https:\/\/www.joaquinlois.com\/catedral-granada\/wp-content\/uploads\/sites\/3\/2023\/08\/DSC05360-300x300.jpg\" class=\"attachment-thumbnail size-thumbnail\" alt=\"\" aria-describedby=\"gallery-5-3606\" srcset=\"https:\/\/www.joaquinlois.com\/catedral-granada\/wp-content\/uploads\/sites\/3\/2023\/08\/DSC05360-300x300.jpg 300w, https:\/\/www.joaquinlois.com\/catedral-granada\/wp-content\/uploads\/sites\/3\/2023\/08\/DSC05360-400x400.jpg 400w\" sizes=\"auto, (max-width: 300px) 100vw, 300px\" data-attachment-id=\"3606\" data-permalink=\"https:\/\/www.joaquinlois.com\/catedral-granada\/restauracion-de-los-tablones-acanlados\/dsc05360\/\" data-orig-file=\"https:\/\/www.joaquinlois.com\/catedral-granada\/wp-content\/uploads\/sites\/3\/2023\/08\/DSC05360.jpg\" data-orig-size=\"1200,1005\" data-comments-opened=\"0\" data-image-meta=\"{&quot;aperture&quot;:&quot;0&quot;,&quot;credit&quot;:&quot;&quot;,&quot;camera&quot;:&quot;&quot;,&quot;caption&quot;:&quot;&quot;,&quot;created_timestamp&quot;:&quot;0&quot;,&quot;copyright&quot;:&quot;&quot;,&quot;focal_length&quot;:&quot;0&quot;,&quot;iso&quot;:&quot;0&quot;,&quot;shutter_speed&quot;:&quot;0&quot;,&quot;title&quot;:&quot;&quot;,&quot;orientation&quot;:&quot;0&quot;,&quot;lens&quot;:&quot;&quot;}\" data-image-title=\"Tablones acanalados antes de restauraci\u00f3n\" data-image-description=\"\" data-image-caption=\"&lt;p&gt;Tablones acanalados antes de su restauraci\u00f3n&lt;\/p&gt;\n\" data-medium-file=\"https:\/\/www.joaquinlois.com\/catedral-granada\/wp-content\/uploads\/sites\/3\/2023\/08\/DSC05360-500x419.jpg\" data-large-file=\"https:\/\/www.joaquinlois.com\/catedral-granada\/wp-content\/uploads\/sites\/3\/2023\/08\/DSC05360-1024x858.jpg\" \/><\/a>\n\t\t\t<\/div>\n\t\t\t\t<figcaption class='wp-caption-text gallery-caption' id='gallery-5-3606'>\n\t\t\t\tTablones acanalados antes de su restauraci\u00f3n\n\t\t\t\t<\/figcaption><\/figure><figure class='gallery-item'>\n\t\t\t<div class='gallery-icon portrait'>\n\t\t\t\t<a href='https:\/\/www.joaquinlois.com\/catedral-granada\/restauracion-de-los-tablones-acanlados\/dsc05827_1\/'><img loading=\"lazy\" decoding=\"async\" width=\"300\" height=\"300\" src=\"https:\/\/www.joaquinlois.com\/catedral-granada\/wp-content\/uploads\/sites\/3\/2023\/08\/DSC05827_1-300x300.jpg\" class=\"attachment-thumbnail size-thumbnail\" alt=\"\" aria-describedby=\"gallery-5-3602\" srcset=\"https:\/\/www.joaquinlois.com\/catedral-granada\/wp-content\/uploads\/sites\/3\/2023\/08\/DSC05827_1-300x300.jpg 300w, https:\/\/www.joaquinlois.com\/catedral-granada\/wp-content\/uploads\/sites\/3\/2023\/08\/DSC05827_1-400x400.jpg 400w\" sizes=\"auto, (max-width: 300px) 100vw, 300px\" data-attachment-id=\"3602\" data-permalink=\"https:\/\/www.joaquinlois.com\/catedral-granada\/restauracion-de-los-tablones-acanlados\/dsc05827_1\/\" data-orig-file=\"https:\/\/www.joaquinlois.com\/catedral-granada\/wp-content\/uploads\/sites\/3\/2023\/08\/DSC05827_1.jpg\" data-orig-size=\"1192,1300\" data-comments-opened=\"0\" data-image-meta=\"{&quot;aperture&quot;:&quot;0&quot;,&quot;credit&quot;:&quot;&quot;,&quot;camera&quot;:&quot;&quot;,&quot;caption&quot;:&quot;&quot;,&quot;created_timestamp&quot;:&quot;0&quot;,&quot;copyright&quot;:&quot;&quot;,&quot;focal_length&quot;:&quot;0&quot;,&quot;iso&quot;:&quot;0&quot;,&quot;shutter_speed&quot;:&quot;0&quot;,&quot;title&quot;:&quot;&quot;,&quot;orientation&quot;:&quot;0&quot;,&quot;lens&quot;:&quot;&quot;}\" data-image-title=\"Tablones acanalados verticales\" data-image-description=\"\" data-image-caption=\"&lt;p&gt;Tabl\u00f3n acanalado antes de su restauraci\u00f3n&lt;\/p&gt;\n\" data-medium-file=\"https:\/\/www.joaquinlois.com\/catedral-granada\/wp-content\/uploads\/sites\/3\/2023\/08\/DSC05827_1-458x500.jpg\" data-large-file=\"https:\/\/www.joaquinlois.com\/catedral-granada\/wp-content\/uploads\/sites\/3\/2023\/08\/DSC05827_1-939x1024.jpg\" \/><\/a>\n\t\t\t<\/div>\n\t\t\t\t<figcaption class='wp-caption-text gallery-caption' id='gallery-5-3602'>\n\t\t\t\tTabl\u00f3n acanalado antes de su restauraci\u00f3n\n\t\t\t\t<\/figcaption><\/figure><figure class='gallery-item'>\n\t\t\t<div class='gallery-icon landscape'>\n\t\t\t\t<a href='https:\/\/www.joaquinlois.com\/catedral-granada\/restauracion-de-los-tablones-acanlados\/dsc05831\/'><img loading=\"lazy\" decoding=\"async\" width=\"300\" height=\"300\" src=\"https:\/\/www.joaquinlois.com\/catedral-granada\/wp-content\/uploads\/sites\/3\/2023\/08\/DSC05831-300x300.jpg\" class=\"attachment-thumbnail size-thumbnail\" alt=\"\" srcset=\"https:\/\/www.joaquinlois.com\/catedral-granada\/wp-content\/uploads\/sites\/3\/2023\/08\/DSC05831-300x300.jpg 300w, https:\/\/www.joaquinlois.com\/catedral-granada\/wp-content\/uploads\/sites\/3\/2023\/08\/DSC05831-400x400.jpg 400w\" sizes=\"auto, (max-width: 300px) 100vw, 300px\" data-attachment-id=\"3603\" data-permalink=\"https:\/\/www.joaquinlois.com\/catedral-granada\/restauracion-de-los-tablones-acanlados\/dsc05831\/\" data-orig-file=\"https:\/\/www.joaquinlois.com\/catedral-granada\/wp-content\/uploads\/sites\/3\/2023\/08\/DSC05831.jpg\" data-orig-size=\"1200,1054\" data-comments-opened=\"0\" data-image-meta=\"{&quot;aperture&quot;:&quot;0&quot;,&quot;credit&quot;:&quot;&quot;,&quot;camera&quot;:&quot;&quot;,&quot;caption&quot;:&quot;&quot;,&quot;created_timestamp&quot;:&quot;0&quot;,&quot;copyright&quot;:&quot;&quot;,&quot;focal_length&quot;:&quot;0&quot;,&quot;iso&quot;:&quot;0&quot;,&quot;shutter_speed&quot;:&quot;0&quot;,&quot;title&quot;:&quot;&quot;,&quot;orientation&quot;:&quot;0&quot;,&quot;lens&quot;:&quot;&quot;}\" data-image-title=\"DSC05831\" data-image-description=\"\" data-image-caption=\"\" data-medium-file=\"https:\/\/www.joaquinlois.com\/catedral-granada\/wp-content\/uploads\/sites\/3\/2023\/08\/DSC05831-500x439.jpg\" data-large-file=\"https:\/\/www.joaquinlois.com\/catedral-granada\/wp-content\/uploads\/sites\/3\/2023\/08\/DSC05831-1024x899.jpg\" \/><\/a>\n\t\t\t<\/div><\/figure><figure class='gallery-item'>\n\t\t\t<div class='gallery-icon landscape'>\n\t\t\t\t<a href='https:\/\/www.joaquinlois.com\/catedral-granada\/restauracion-de-los-tablones-acanlados\/dsc05824\/'><img loading=\"lazy\" decoding=\"async\" width=\"300\" height=\"300\" src=\"https:\/\/www.joaquinlois.com\/catedral-granada\/wp-content\/uploads\/sites\/3\/2023\/08\/DSC05824-300x300.jpg\" class=\"attachment-thumbnail size-thumbnail\" alt=\"\" srcset=\"https:\/\/www.joaquinlois.com\/catedral-granada\/wp-content\/uploads\/sites\/3\/2023\/08\/DSC05824-300x300.jpg 300w, https:\/\/www.joaquinlois.com\/catedral-granada\/wp-content\/uploads\/sites\/3\/2023\/08\/DSC05824-400x400.jpg 400w\" sizes=\"auto, (max-width: 300px) 100vw, 300px\" data-attachment-id=\"3604\" data-permalink=\"https:\/\/www.joaquinlois.com\/catedral-granada\/restauracion-de-los-tablones-acanlados\/dsc05824\/\" data-orig-file=\"https:\/\/www.joaquinlois.com\/catedral-granada\/wp-content\/uploads\/sites\/3\/2023\/08\/DSC05824.jpg\" data-orig-size=\"1200,800\" data-comments-opened=\"0\" data-image-meta=\"{&quot;aperture&quot;:&quot;0&quot;,&quot;credit&quot;:&quot;&quot;,&quot;camera&quot;:&quot;&quot;,&quot;caption&quot;:&quot;&quot;,&quot;created_timestamp&quot;:&quot;0&quot;,&quot;copyright&quot;:&quot;&quot;,&quot;focal_length&quot;:&quot;0&quot;,&quot;iso&quot;:&quot;0&quot;,&quot;shutter_speed&quot;:&quot;0&quot;,&quot;title&quot;:&quot;&quot;,&quot;orientation&quot;:&quot;0&quot;,&quot;lens&quot;:&quot;&quot;}\" data-image-title=\"DSC05824\" data-image-description=\"\" data-image-caption=\"\" data-medium-file=\"https:\/\/www.joaquinlois.com\/catedral-granada\/wp-content\/uploads\/sites\/3\/2023\/08\/DSC05824-500x333.jpg\" data-large-file=\"https:\/\/www.joaquinlois.com\/catedral-granada\/wp-content\/uploads\/sites\/3\/2023\/08\/DSC05824-1024x683.jpg\" \/><\/a>\n\t\t\t<\/div><\/figure><figure class='gallery-item'>\n\t\t\t<div class='gallery-icon landscape'>\n\t\t\t\t<a href='https:\/\/www.joaquinlois.com\/catedral-granada\/restauracion-de-los-tablones-acanlados\/_mg_2004\/'><img loading=\"lazy\" decoding=\"async\" width=\"300\" height=\"300\" src=\"https:\/\/www.joaquinlois.com\/catedral-granada\/wp-content\/uploads\/sites\/3\/2023\/04\/MG_2004-300x300.jpg\" class=\"attachment-thumbnail size-thumbnail\" alt=\"\" aria-describedby=\"gallery-5-3598\" srcset=\"https:\/\/www.joaquinlois.com\/catedral-granada\/wp-content\/uploads\/sites\/3\/2023\/04\/MG_2004-300x300.jpg 300w, https:\/\/www.joaquinlois.com\/catedral-granada\/wp-content\/uploads\/sites\/3\/2023\/04\/MG_2004-400x400.jpg 400w\" sizes=\"auto, (max-width: 300px) 100vw, 300px\" data-attachment-id=\"3598\" data-permalink=\"https:\/\/www.joaquinlois.com\/catedral-granada\/restauracion-de-los-tablones-acanlados\/_mg_2004\/\" data-orig-file=\"https:\/\/www.joaquinlois.com\/catedral-granada\/wp-content\/uploads\/sites\/3\/2023\/04\/MG_2004.jpg\" data-orig-size=\"1200,800\" data-comments-opened=\"0\" data-image-meta=\"{&quot;aperture&quot;:&quot;0&quot;,&quot;credit&quot;:&quot;&quot;,&quot;camera&quot;:&quot;&quot;,&quot;caption&quot;:&quot;&quot;,&quot;created_timestamp&quot;:&quot;0&quot;,&quot;copyright&quot;:&quot;&quot;,&quot;focal_length&quot;:&quot;0&quot;,&quot;iso&quot;:&quot;0&quot;,&quot;shutter_speed&quot;:&quot;0&quot;,&quot;title&quot;:&quot;&quot;,&quot;orientation&quot;:&quot;0&quot;,&quot;lens&quot;:&quot;&quot;}\" data-image-title=\"_MG_2004\" data-image-description=\"\" data-image-caption=\"&lt;p&gt;Tabl\u00f3n sin las pieles&lt;\/p&gt;\n\" data-medium-file=\"https:\/\/www.joaquinlois.com\/catedral-granada\/wp-content\/uploads\/sites\/3\/2023\/04\/MG_2004-500x333.jpg\" data-large-file=\"https:\/\/www.joaquinlois.com\/catedral-granada\/wp-content\/uploads\/sites\/3\/2023\/04\/MG_2004-1024x683.jpg\" \/><\/a>\n\t\t\t<\/div>\n\t\t\t\t<figcaption class='wp-caption-text gallery-caption' id='gallery-5-3598'>\n\t\t\t\tTabl\u00f3n sin las pieles\n\t\t\t\t<\/figcaption><\/figure><figure class='gallery-item'>\n\t\t\t<div class='gallery-icon landscape'>\n\t\t\t\t<a href='https:\/\/www.joaquinlois.com\/catedral-granada\/restauracion-de-los-tablones-acanlados\/dsc05876\/'><img loading=\"lazy\" decoding=\"async\" width=\"300\" height=\"300\" src=\"https:\/\/www.joaquinlois.com\/catedral-granada\/wp-content\/uploads\/sites\/3\/2023\/04\/DSC05876-300x300.jpg\" class=\"attachment-thumbnail size-thumbnail\" alt=\"\" aria-describedby=\"gallery-5-3599\" srcset=\"https:\/\/www.joaquinlois.com\/catedral-granada\/wp-content\/uploads\/sites\/3\/2023\/04\/DSC05876-300x300.jpg 300w, https:\/\/www.joaquinlois.com\/catedral-granada\/wp-content\/uploads\/sites\/3\/2023\/04\/DSC05876-400x400.jpg 400w\" sizes=\"auto, (max-width: 300px) 100vw, 300px\" data-attachment-id=\"3599\" data-permalink=\"https:\/\/www.joaquinlois.com\/catedral-granada\/restauracion-de-los-tablones-acanlados\/dsc05876\/\" data-orig-file=\"https:\/\/www.joaquinlois.com\/catedral-granada\/wp-content\/uploads\/sites\/3\/2023\/04\/DSC05876.jpg\" data-orig-size=\"1200,800\" data-comments-opened=\"0\" data-image-meta=\"{&quot;aperture&quot;:&quot;0&quot;,&quot;credit&quot;:&quot;&quot;,&quot;camera&quot;:&quot;&quot;,&quot;caption&quot;:&quot;&quot;,&quot;created_timestamp&quot;:&quot;0&quot;,&quot;copyright&quot;:&quot;&quot;,&quot;focal_length&quot;:&quot;0&quot;,&quot;iso&quot;:&quot;0&quot;,&quot;shutter_speed&quot;:&quot;0&quot;,&quot;title&quot;:&quot;&quot;,&quot;orientation&quot;:&quot;0&quot;,&quot;lens&quot;:&quot;&quot;}\" data-image-title=\"DSC05876\" data-image-description=\"\" data-image-caption=\"&lt;p&gt;Pruebas de estanqueidad&lt;\/p&gt;\n\" data-medium-file=\"https:\/\/www.joaquinlois.com\/catedral-granada\/wp-content\/uploads\/sites\/3\/2023\/04\/DSC05876-500x333.jpg\" data-large-file=\"https:\/\/www.joaquinlois.com\/catedral-granada\/wp-content\/uploads\/sites\/3\/2023\/04\/DSC05876-1024x683.jpg\" \/><\/a>\n\t\t\t<\/div>\n\t\t\t\t<figcaption class='wp-caption-text gallery-caption' id='gallery-5-3599'>\n\t\t\t\tPruebas de estanqueidad\n\t\t\t\t<\/figcaption><\/figure><figure class='gallery-item'>\n\t\t\t<div class='gallery-icon landscape'>\n\t\t\t\t<a href='https:\/\/www.joaquinlois.com\/catedral-granada\/restauracion-de-los-tablones-acanlados\/dsc06454\/'><img loading=\"lazy\" decoding=\"async\" width=\"300\" height=\"300\" src=\"https:\/\/www.joaquinlois.com\/catedral-granada\/wp-content\/uploads\/sites\/3\/2023\/04\/DSC06454-300x300.jpg\" class=\"attachment-thumbnail size-thumbnail\" alt=\"\" aria-describedby=\"gallery-5-3595\" srcset=\"https:\/\/www.joaquinlois.com\/catedral-granada\/wp-content\/uploads\/sites\/3\/2023\/04\/DSC06454-300x300.jpg 300w, https:\/\/www.joaquinlois.com\/catedral-granada\/wp-content\/uploads\/sites\/3\/2023\/04\/DSC06454-400x400.jpg 400w\" sizes=\"auto, (max-width: 300px) 100vw, 300px\" data-attachment-id=\"3595\" data-permalink=\"https:\/\/www.joaquinlois.com\/catedral-granada\/restauracion-de-los-tablones-acanlados\/dsc06454\/\" data-orig-file=\"https:\/\/www.joaquinlois.com\/catedral-granada\/wp-content\/uploads\/sites\/3\/2023\/04\/DSC06454.jpg\" data-orig-size=\"1200,800\" data-comments-opened=\"0\" data-image-meta=\"{&quot;aperture&quot;:&quot;0&quot;,&quot;credit&quot;:&quot;&quot;,&quot;camera&quot;:&quot;&quot;,&quot;caption&quot;:&quot;&quot;,&quot;created_timestamp&quot;:&quot;0&quot;,&quot;copyright&quot;:&quot;&quot;,&quot;focal_length&quot;:&quot;0&quot;,&quot;iso&quot;:&quot;0&quot;,&quot;shutter_speed&quot;:&quot;0&quot;,&quot;title&quot;:&quot;&quot;,&quot;orientation&quot;:&quot;0&quot;,&quot;lens&quot;:&quot;&quot;}\" data-image-title=\"DSC06454\" data-image-description=\"\" data-image-caption=\"&lt;p&gt;Pegando las nuevas pieles&lt;\/p&gt;\n\" data-medium-file=\"https:\/\/www.joaquinlois.com\/catedral-granada\/wp-content\/uploads\/sites\/3\/2023\/04\/DSC06454-500x333.jpg\" data-large-file=\"https:\/\/www.joaquinlois.com\/catedral-granada\/wp-content\/uploads\/sites\/3\/2023\/04\/DSC06454-1024x683.jpg\" \/><\/a>\n\t\t\t<\/div>\n\t\t\t\t<figcaption class='wp-caption-text gallery-caption' id='gallery-5-3595'>\n\t\t\t\tPegando las nuevas pieles\n\t\t\t\t<\/figcaption><\/figure><figure class='gallery-item'>\n\t\t\t<div class='gallery-icon landscape'>\n\t\t\t\t<a href='https:\/\/www.joaquinlois.com\/catedral-granada\/restauracion-de-los-tablones-acanlados\/dsc06015\/'><img loading=\"lazy\" decoding=\"async\" width=\"300\" height=\"300\" src=\"https:\/\/www.joaquinlois.com\/catedral-granada\/wp-content\/uploads\/sites\/3\/2023\/04\/DSC06015-300x300.jpg\" class=\"attachment-thumbnail size-thumbnail\" alt=\"\" aria-describedby=\"gallery-5-3596\" srcset=\"https:\/\/www.joaquinlois.com\/catedral-granada\/wp-content\/uploads\/sites\/3\/2023\/04\/DSC06015-300x300.jpg 300w, https:\/\/www.joaquinlois.com\/catedral-granada\/wp-content\/uploads\/sites\/3\/2023\/04\/DSC06015-400x400.jpg 400w\" sizes=\"auto, (max-width: 300px) 100vw, 300px\" data-attachment-id=\"3596\" data-permalink=\"https:\/\/www.joaquinlois.com\/catedral-granada\/restauracion-de-los-tablones-acanlados\/dsc06015\/\" data-orig-file=\"https:\/\/www.joaquinlois.com\/catedral-granada\/wp-content\/uploads\/sites\/3\/2023\/04\/DSC06015.jpg\" data-orig-size=\"1200,800\" data-comments-opened=\"0\" data-image-meta=\"{&quot;aperture&quot;:&quot;0&quot;,&quot;credit&quot;:&quot;&quot;,&quot;camera&quot;:&quot;&quot;,&quot;caption&quot;:&quot;&quot;,&quot;created_timestamp&quot;:&quot;0&quot;,&quot;copyright&quot;:&quot;&quot;,&quot;focal_length&quot;:&quot;0&quot;,&quot;iso&quot;:&quot;0&quot;,&quot;shutter_speed&quot;:&quot;0&quot;,&quot;title&quot;:&quot;&quot;,&quot;orientation&quot;:&quot;0&quot;,&quot;lens&quot;:&quot;&quot;}\" data-image-title=\"DSC06015\" data-image-description=\"\" data-image-caption=\"&lt;p&gt;Presentaci\u00f3n de los tabloesnes &lt;\/p&gt;\n\" data-medium-file=\"https:\/\/www.joaquinlois.com\/catedral-granada\/wp-content\/uploads\/sites\/3\/2023\/04\/DSC06015-500x333.jpg\" data-large-file=\"https:\/\/www.joaquinlois.com\/catedral-granada\/wp-content\/uploads\/sites\/3\/2023\/04\/DSC06015-1024x683.jpg\" \/><\/a>\n\t\t\t<\/div>\n\t\t\t\t<figcaption class='wp-caption-text gallery-caption' id='gallery-5-3596'>\n\t\t\t\tPresentaci\u00f3n de los tabloesnes \n\t\t\t\t<\/figcaption><\/figure><figure class='gallery-item'>\n\t\t\t<div class='gallery-icon portrait'>\n\t\t\t\t<a href='https:\/\/www.joaquinlois.com\/catedral-granada\/restauracion-de-los-tablones-acanlados\/dsc06028\/'><img loading=\"lazy\" decoding=\"async\" width=\"300\" height=\"300\" src=\"https:\/\/www.joaquinlois.com\/catedral-granada\/wp-content\/uploads\/sites\/3\/2023\/04\/DSC06028-300x300.jpg\" class=\"attachment-thumbnail size-thumbnail\" alt=\"\" aria-describedby=\"gallery-5-3597\" srcset=\"https:\/\/www.joaquinlois.com\/catedral-granada\/wp-content\/uploads\/sites\/3\/2023\/04\/DSC06028-300x300.jpg 300w, https:\/\/www.joaquinlois.com\/catedral-granada\/wp-content\/uploads\/sites\/3\/2023\/04\/DSC06028-400x400.jpg 400w\" sizes=\"auto, (max-width: 300px) 100vw, 300px\" data-attachment-id=\"3597\" data-permalink=\"https:\/\/www.joaquinlois.com\/catedral-granada\/restauracion-de-los-tablones-acanlados\/dsc06028\/\" data-orig-file=\"https:\/\/www.joaquinlois.com\/catedral-granada\/wp-content\/uploads\/sites\/3\/2023\/04\/DSC06028.jpg\" data-orig-size=\"1200,1253\" data-comments-opened=\"0\" data-image-meta=\"{&quot;aperture&quot;:&quot;0&quot;,&quot;credit&quot;:&quot;&quot;,&quot;camera&quot;:&quot;&quot;,&quot;caption&quot;:&quot;&quot;,&quot;created_timestamp&quot;:&quot;0&quot;,&quot;copyright&quot;:&quot;&quot;,&quot;focal_length&quot;:&quot;0&quot;,&quot;iso&quot;:&quot;0&quot;,&quot;shutter_speed&quot;:&quot;0&quot;,&quot;title&quot;:&quot;&quot;,&quot;orientation&quot;:&quot;0&quot;,&quot;lens&quot;:&quot;&quot;}\" data-image-title=\"DSC06028\" data-image-description=\"\" data-image-caption=\"&lt;p&gt;Presentaci\u00f3n de los tablones &lt;\/p&gt;\n\" data-medium-file=\"https:\/\/www.joaquinlois.com\/catedral-granada\/wp-content\/uploads\/sites\/3\/2023\/04\/DSC06028-479x500.jpg\" data-large-file=\"https:\/\/www.joaquinlois.com\/catedral-granada\/wp-content\/uploads\/sites\/3\/2023\/04\/DSC06028-981x1024.jpg\" \/><\/a>\n\t\t\t<\/div>\n\t\t\t\t<figcaption class='wp-caption-text gallery-caption' id='gallery-5-3597'>\n\t\t\t\tPresentaci\u00f3n de los tablones \n\t\t\t\t<\/figcaption><\/figure><figure class='gallery-item'>\n\t\t\t<div class='gallery-icon portrait'>\n\t\t\t\t<a href='https:\/\/www.joaquinlois.com\/catedral-granada\/restauracion-de-los-tablones-acanlados\/_mg_8136\/'><img loading=\"lazy\" decoding=\"async\" width=\"300\" height=\"300\" src=\"https:\/\/www.joaquinlois.com\/catedral-granada\/wp-content\/uploads\/sites\/3\/2023\/04\/MG_8136-300x300.jpg\" class=\"attachment-thumbnail size-thumbnail\" alt=\"\" aria-describedby=\"gallery-5-3594\" srcset=\"https:\/\/www.joaquinlois.com\/catedral-granada\/wp-content\/uploads\/sites\/3\/2023\/04\/MG_8136-300x300.jpg 300w, https:\/\/www.joaquinlois.com\/catedral-granada\/wp-content\/uploads\/sites\/3\/2023\/04\/MG_8136-400x400.jpg 400w\" sizes=\"auto, (max-width: 300px) 100vw, 300px\" data-attachment-id=\"3594\" data-permalink=\"https:\/\/www.joaquinlois.com\/catedral-granada\/restauracion-de-los-tablones-acanlados\/_mg_8136\/\" data-orig-file=\"https:\/\/www.joaquinlois.com\/catedral-granada\/wp-content\/uploads\/sites\/3\/2023\/04\/MG_8136.jpg\" data-orig-size=\"1038,1300\" data-comments-opened=\"0\" data-image-meta=\"{&quot;aperture&quot;:&quot;0&quot;,&quot;credit&quot;:&quot;&quot;,&quot;camera&quot;:&quot;&quot;,&quot;caption&quot;:&quot;&quot;,&quot;created_timestamp&quot;:&quot;0&quot;,&quot;copyright&quot;:&quot;&quot;,&quot;focal_length&quot;:&quot;0&quot;,&quot;iso&quot;:&quot;0&quot;,&quot;shutter_speed&quot;:&quot;0&quot;,&quot;title&quot;:&quot;&quot;,&quot;orientation&quot;:&quot;0&quot;,&quot;lens&quot;:&quot;&quot;}\" data-image-title=\"_MG_8136\" data-image-description=\"\" data-image-caption=\"&lt;p&gt;Preinstalaci\u00f3n de los tablones&lt;\/p&gt;\n\" data-medium-file=\"https:\/\/www.joaquinlois.com\/catedral-granada\/wp-content\/uploads\/sites\/3\/2023\/04\/MG_8136-399x500.jpg\" data-large-file=\"https:\/\/www.joaquinlois.com\/catedral-granada\/wp-content\/uploads\/sites\/3\/2023\/04\/MG_8136-818x1024.jpg\" \/><\/a>\n\t\t\t<\/div>\n\t\t\t\t<figcaption class='wp-caption-text gallery-caption' id='gallery-5-3594'>\n\t\t\t\tPreinstalaci\u00f3n de los tablones\n\t\t\t\t<\/figcaption><\/figure><figure class='gallery-item'>\n\t\t\t<div class='gallery-icon portrait'>\n\t\t\t\t<a href='https:\/\/www.joaquinlois.com\/catedral-granada\/restauracion-de-los-tablones-acanlados\/_mg_8129\/'><img loading=\"lazy\" decoding=\"async\" width=\"300\" height=\"300\" src=\"https:\/\/www.joaquinlois.com\/catedral-granada\/wp-content\/uploads\/sites\/3\/2023\/04\/MG_8129-300x300.jpg\" class=\"attachment-thumbnail size-thumbnail\" alt=\"\" aria-describedby=\"gallery-5-3600\" srcset=\"https:\/\/www.joaquinlois.com\/catedral-granada\/wp-content\/uploads\/sites\/3\/2023\/04\/MG_8129-300x300.jpg 300w, https:\/\/www.joaquinlois.com\/catedral-granada\/wp-content\/uploads\/sites\/3\/2023\/04\/MG_8129-400x400.jpg 400w\" sizes=\"auto, (max-width: 300px) 100vw, 300px\" data-attachment-id=\"3600\" data-permalink=\"https:\/\/www.joaquinlois.com\/catedral-granada\/restauracion-de-los-tablones-acanlados\/_mg_8129\/\" data-orig-file=\"https:\/\/www.joaquinlois.com\/catedral-granada\/wp-content\/uploads\/sites\/3\/2023\/04\/MG_8129.jpg\" data-orig-size=\"1108,1300\" data-comments-opened=\"0\" data-image-meta=\"{&quot;aperture&quot;:&quot;0&quot;,&quot;credit&quot;:&quot;&quot;,&quot;camera&quot;:&quot;&quot;,&quot;caption&quot;:&quot;&quot;,&quot;created_timestamp&quot;:&quot;0&quot;,&quot;copyright&quot;:&quot;&quot;,&quot;focal_length&quot;:&quot;0&quot;,&quot;iso&quot;:&quot;0&quot;,&quot;shutter_speed&quot;:&quot;0&quot;,&quot;title&quot;:&quot;&quot;,&quot;orientation&quot;:&quot;0&quot;,&quot;lens&quot;:&quot;&quot;}\" data-image-title=\"_MG_8129\" data-image-description=\"\" data-image-caption=\"&lt;p&gt;Tablones restaurados a la espera de llevarlos a la catedral&lt;\/p&gt;\n\" data-medium-file=\"https:\/\/www.joaquinlois.com\/catedral-granada\/wp-content\/uploads\/sites\/3\/2023\/04\/MG_8129-426x500.jpg\" data-large-file=\"https:\/\/www.joaquinlois.com\/catedral-granada\/wp-content\/uploads\/sites\/3\/2023\/04\/MG_8129-873x1024.jpg\" \/><\/a>\n\t\t\t<\/div>\n\t\t\t\t<figcaption class='wp-caption-text gallery-caption' id='gallery-5-3600'>\n\t\t\t\tTablones restaurados a la espera de llevarlos a la catedral\n\t\t\t\t<\/figcaption><\/figure>\n\t\t<\/div>\n\n\n\n\n<p><\/p>\n\n\n\n<h2 class=\"wp-block-heading\">Construcci\u00f3n de tablones nuevos<\/h2>\n\n\n\n<blockquote class=\"wp-block-quote is-layout-flow wp-block-quote-is-layout-flow\">\n<p>Algunos de los registros anulados a lo largo de la historia se recuperan y es necesario construir alg\u00fan tabl\u00f3n acanalado nuevo, para ello se utilizan las mismas t\u00e9cnicas, maderas y trazado que en los tablones conservados.<\/p>\n<\/blockquote>\n\n\n\n<div data-carousel-extra='{&quot;blog_id&quot;:3,&quot;permalink&quot;:&quot;https:\/\/www.joaquinlois.com\/catedral-granada\/restauracion-de-los-tablones-acanlados\/&quot;}' id='gallery-6' class='gallery galleryid-3367 gallery-columns-3 gallery-size-thumbnail'><figure class='gallery-item'>\n\t\t\t<div class='gallery-icon landscape'>\n\t\t\t\t<a href='https:\/\/www.joaquinlois.com\/catedral-granada\/restauracion-de-los-tablones-acanlados\/dsc06079\/'><img loading=\"lazy\" decoding=\"async\" width=\"300\" height=\"300\" src=\"https:\/\/www.joaquinlois.com\/catedral-granada\/wp-content\/uploads\/sites\/3\/2023\/04\/DSC06079-300x300.jpg\" class=\"attachment-thumbnail size-thumbnail\" alt=\"\" aria-describedby=\"gallery-6-3613\" srcset=\"https:\/\/www.joaquinlois.com\/catedral-granada\/wp-content\/uploads\/sites\/3\/2023\/04\/DSC06079-300x300.jpg 300w, https:\/\/www.joaquinlois.com\/catedral-granada\/wp-content\/uploads\/sites\/3\/2023\/04\/DSC06079-400x400.jpg 400w\" sizes=\"auto, (max-width: 300px) 100vw, 300px\" data-attachment-id=\"3613\" data-permalink=\"https:\/\/www.joaquinlois.com\/catedral-granada\/restauracion-de-los-tablones-acanlados\/dsc06079\/\" data-orig-file=\"https:\/\/www.joaquinlois.com\/catedral-granada\/wp-content\/uploads\/sites\/3\/2023\/04\/DSC06079.jpg\" data-orig-size=\"1200,800\" data-comments-opened=\"0\" data-image-meta=\"{&quot;aperture&quot;:&quot;0&quot;,&quot;credit&quot;:&quot;&quot;,&quot;camera&quot;:&quot;&quot;,&quot;caption&quot;:&quot;&quot;,&quot;created_timestamp&quot;:&quot;0&quot;,&quot;copyright&quot;:&quot;&quot;,&quot;focal_length&quot;:&quot;0&quot;,&quot;iso&quot;:&quot;0&quot;,&quot;shutter_speed&quot;:&quot;0&quot;,&quot;title&quot;:&quot;&quot;,&quot;orientation&quot;:&quot;0&quot;,&quot;lens&quot;:&quot;&quot;}\" data-image-title=\"DSC06079\" data-image-description=\"\" data-image-caption=\"&lt;p&gt;Nuevo tabl\u00f3n acanalado &lt;\/p&gt;\n\" data-medium-file=\"https:\/\/www.joaquinlois.com\/catedral-granada\/wp-content\/uploads\/sites\/3\/2023\/04\/DSC06079-500x333.jpg\" data-large-file=\"https:\/\/www.joaquinlois.com\/catedral-granada\/wp-content\/uploads\/sites\/3\/2023\/04\/DSC06079-1024x683.jpg\" \/><\/a>\n\t\t\t<\/div>\n\t\t\t\t<figcaption class='wp-caption-text gallery-caption' id='gallery-6-3613'>\n\t\t\t\tNuevo tabl\u00f3n acanalado \n\t\t\t\t<\/figcaption><\/figure><figure class='gallery-item'>\n\t\t\t<div class='gallery-icon landscape'>\n\t\t\t\t<a href='https:\/\/www.joaquinlois.com\/catedral-granada\/restauracion-de-los-tablones-acanlados\/dsc06297_1-1\/'><img loading=\"lazy\" decoding=\"async\" width=\"300\" height=\"300\" src=\"https:\/\/www.joaquinlois.com\/catedral-granada\/wp-content\/uploads\/sites\/3\/2023\/04\/DSC06297_1-1-300x300.jpg\" class=\"attachment-thumbnail size-thumbnail\" alt=\"\" srcset=\"https:\/\/www.joaquinlois.com\/catedral-granada\/wp-content\/uploads\/sites\/3\/2023\/04\/DSC06297_1-1-300x300.jpg 300w, https:\/\/www.joaquinlois.com\/catedral-granada\/wp-content\/uploads\/sites\/3\/2023\/04\/DSC06297_1-1-400x400.jpg 400w\" sizes=\"auto, (max-width: 300px) 100vw, 300px\" data-attachment-id=\"3612\" data-permalink=\"https:\/\/www.joaquinlois.com\/catedral-granada\/restauracion-de-los-tablones-acanlados\/dsc06297_1-1\/\" data-orig-file=\"https:\/\/www.joaquinlois.com\/catedral-granada\/wp-content\/uploads\/sites\/3\/2023\/04\/DSC06297_1-1.jpg\" data-orig-size=\"1200,800\" data-comments-opened=\"0\" data-image-meta=\"{&quot;aperture&quot;:&quot;0&quot;,&quot;credit&quot;:&quot;&quot;,&quot;camera&quot;:&quot;&quot;,&quot;caption&quot;:&quot;&quot;,&quot;created_timestamp&quot;:&quot;0&quot;,&quot;copyright&quot;:&quot;&quot;,&quot;focal_length&quot;:&quot;0&quot;,&quot;iso&quot;:&quot;0&quot;,&quot;shutter_speed&quot;:&quot;0&quot;,&quot;title&quot;:&quot;&quot;,&quot;orientation&quot;:&quot;0&quot;,&quot;lens&quot;:&quot;&quot;}\" data-image-title=\"Tabl\u00f3n de nueva construci\u00f3n\" data-image-description=\"\" data-image-caption=\"\" data-medium-file=\"https:\/\/www.joaquinlois.com\/catedral-granada\/wp-content\/uploads\/sites\/3\/2023\/04\/DSC06297_1-1-500x333.jpg\" data-large-file=\"https:\/\/www.joaquinlois.com\/catedral-granada\/wp-content\/uploads\/sites\/3\/2023\/04\/DSC06297_1-1-1024x683.jpg\" \/><\/a>\n\t\t\t<\/div><\/figure><figure class='gallery-item'>\n\t\t\t<div class='gallery-icon landscape'>\n\t\t\t\t<a href='https:\/\/www.joaquinlois.com\/catedral-granada\/restauracion-de-los-tablones-acanlados\/dsc06527\/'><img loading=\"lazy\" decoding=\"async\" width=\"300\" height=\"300\" src=\"https:\/\/www.joaquinlois.com\/catedral-granada\/wp-content\/uploads\/sites\/3\/2023\/04\/DSC06527-300x300.jpg\" class=\"attachment-thumbnail size-thumbnail\" alt=\"\" srcset=\"https:\/\/www.joaquinlois.com\/catedral-granada\/wp-content\/uploads\/sites\/3\/2023\/04\/DSC06527-300x300.jpg 300w, https:\/\/www.joaquinlois.com\/catedral-granada\/wp-content\/uploads\/sites\/3\/2023\/04\/DSC06527-400x400.jpg 400w\" sizes=\"auto, (max-width: 300px) 100vw, 300px\" data-attachment-id=\"3614\" data-permalink=\"https:\/\/www.joaquinlois.com\/catedral-granada\/restauracion-de-los-tablones-acanlados\/dsc06527\/\" data-orig-file=\"https:\/\/www.joaquinlois.com\/catedral-granada\/wp-content\/uploads\/sites\/3\/2023\/04\/DSC06527.jpg\" data-orig-size=\"1200,800\" data-comments-opened=\"0\" data-image-meta=\"{&quot;aperture&quot;:&quot;0&quot;,&quot;credit&quot;:&quot;&quot;,&quot;camera&quot;:&quot;&quot;,&quot;caption&quot;:&quot;&quot;,&quot;created_timestamp&quot;:&quot;0&quot;,&quot;copyright&quot;:&quot;&quot;,&quot;focal_length&quot;:&quot;0&quot;,&quot;iso&quot;:&quot;0&quot;,&quot;shutter_speed&quot;:&quot;0&quot;,&quot;title&quot;:&quot;&quot;,&quot;orientation&quot;:&quot;0&quot;,&quot;lens&quot;:&quot;&quot;}\" data-image-title=\"DSC06527\" data-image-description=\"\" data-image-caption=\"\" data-medium-file=\"https:\/\/www.joaquinlois.com\/catedral-granada\/wp-content\/uploads\/sites\/3\/2023\/04\/DSC06527-500x333.jpg\" data-large-file=\"https:\/\/www.joaquinlois.com\/catedral-granada\/wp-content\/uploads\/sites\/3\/2023\/04\/DSC06527-1024x683.jpg\" \/><\/a>\n\t\t\t<\/div><\/figure><figure class='gallery-item'>\n\t\t\t<div class='gallery-icon landscape'>\n\t\t\t\t<a href='https:\/\/www.joaquinlois.com\/catedral-granada\/restauracion-de-los-tablones-acanlados\/dsc06602\/'><img loading=\"lazy\" decoding=\"async\" width=\"300\" height=\"300\" src=\"https:\/\/www.joaquinlois.com\/catedral-granada\/wp-content\/uploads\/sites\/3\/2023\/04\/DSC06602-300x300.jpg\" class=\"attachment-thumbnail size-thumbnail\" alt=\"\" aria-describedby=\"gallery-6-3611\" srcset=\"https:\/\/www.joaquinlois.com\/catedral-granada\/wp-content\/uploads\/sites\/3\/2023\/04\/DSC06602-300x300.jpg 300w, https:\/\/www.joaquinlois.com\/catedral-granada\/wp-content\/uploads\/sites\/3\/2023\/04\/DSC06602-400x400.jpg 400w\" sizes=\"auto, (max-width: 300px) 100vw, 300px\" data-attachment-id=\"3611\" data-permalink=\"https:\/\/www.joaquinlois.com\/catedral-granada\/restauracion-de-los-tablones-acanlados\/dsc06602\/\" data-orig-file=\"https:\/\/www.joaquinlois.com\/catedral-granada\/wp-content\/uploads\/sites\/3\/2023\/04\/DSC06602.jpg\" data-orig-size=\"1200,788\" data-comments-opened=\"0\" data-image-meta=\"{&quot;aperture&quot;:&quot;0&quot;,&quot;credit&quot;:&quot;&quot;,&quot;camera&quot;:&quot;&quot;,&quot;caption&quot;:&quot;&quot;,&quot;created_timestamp&quot;:&quot;0&quot;,&quot;copyright&quot;:&quot;&quot;,&quot;focal_length&quot;:&quot;0&quot;,&quot;iso&quot;:&quot;0&quot;,&quot;shutter_speed&quot;:&quot;0&quot;,&quot;title&quot;:&quot;&quot;,&quot;orientation&quot;:&quot;0&quot;,&quot;lens&quot;:&quot;&quot;}\" data-image-title=\"Tablon acanalado\" data-image-description=\"\" data-image-caption=\"&lt;p&gt;Tablon acanalado de nueva construcci\u00f3n&lt;\/p&gt;\n\" data-medium-file=\"https:\/\/www.joaquinlois.com\/catedral-granada\/wp-content\/uploads\/sites\/3\/2023\/04\/DSC06602-500x328.jpg\" data-large-file=\"https:\/\/www.joaquinlois.com\/catedral-granada\/wp-content\/uploads\/sites\/3\/2023\/04\/DSC06602-1024x672.jpg\" \/><\/a>\n\t\t\t<\/div>\n\t\t\t\t<figcaption class='wp-caption-text gallery-caption' id='gallery-6-3611'>\n\t\t\t\tTablon acanalado de nueva construcci\u00f3n\n\t\t\t\t<\/figcaption><\/figure>\n\t\t<\/div>\n\n","protected":false},"excerpt":{"rendered":"<p>El complejo sistema de conducci\u00f3n del viento desde los secretos hasta cada tubo constituye un entramado de cientos de metros de conductos de esta\u00f1o por una parte y de canales grabados en piezas de madera y cerrados con piel. El sistema en el \u00f3rgano de la catedral de Granada se compone, s\u00f3lo en el \u00f3rgano [&hellip;]<\/p>\n","protected":false},"author":1,"featured_media":3610,"comment_status":"closed","ping_status":"open","sticky":false,"template":"","format":"standard","meta":{"_acf_changed":false,"_jetpack_memberships_contains_paid_content":false,"footnotes":""},"categories":[1],"tags":[],"elemento":[15],"lt":[8],"teclados":[],"class_list":["post-3367","post","type-post","status-publish","format-standard","has-post-thumbnail","hentry","category-sin-categoria","elemento-secretos-y-tablones","lt-restauracion"],"acf":[],"yoast_head":"<!-- This site is optimized with the Yoast SEO plugin v27.3 - https:\/\/yoast.com\/product\/yoast-seo-wordpress\/ -->\n<title>Restauraci\u00f3n de los tablones acanlados | \u00d3rgano de la ep\u00edstola de la Catedral de Granada<\/title>\n<meta name=\"robots\" content=\"index, follow, max-snippet:-1, max-image-preview:large, max-video-preview:-1\" \/>\n<link rel=\"canonical\" href=\"https:\/\/www.joaquinlois.com\/catedral-granada\/restauracion-de-los-tablones-acanlados\/\" \/>\n<meta property=\"og:locale\" content=\"es_ES\" \/>\n<meta property=\"og:type\" content=\"article\" \/>\n<meta property=\"og:title\" content=\"Restauraci\u00f3n de los tablones acanlados | \u00d3rgano de la ep\u00edstola de la Catedral de Granada\" \/>\n<meta property=\"og:description\" content=\"El complejo sistema de conducci\u00f3n del viento desde los secretos hasta cada tubo constituye un entramado de cientos de metros de conductos de esta\u00f1o por una parte y de canales grabados en piezas de madera y cerrados con piel. El sistema en el \u00f3rgano de la catedral de Granada se compone, s\u00f3lo en el \u00f3rgano [&hellip;]\" \/>\n<meta property=\"og:url\" content=\"https:\/\/www.joaquinlois.com\/catedral-granada\/restauracion-de-los-tablones-acanlados\/\" \/>\n<meta property=\"og:site_name\" content=\"\u00d3rgano de la ep\u00edstola de la Catedral de Granada\" \/>\n<meta property=\"article:publisher\" content=\"https:\/\/www.facebook.com\/joaquinlois\" \/>\n<meta property=\"article:published_time\" content=\"2023-07-14T10:36:01+00:00\" \/>\n<meta property=\"article:modified_time\" content=\"2025-01-18T21:06:47+00:00\" \/>\n<meta property=\"og:image\" content=\"https:\/\/www.joaquinlois.com\/catedral-granada\/wp-content\/uploads\/sites\/3\/2023\/04\/DSC06837_1.jpg\" \/>\n\t<meta property=\"og:image:width\" content=\"1200\" \/>\n\t<meta property=\"og:image:height\" content=\"1200\" \/>\n\t<meta property=\"og:image:type\" content=\"image\/jpeg\" \/>\n<meta name=\"author\" content=\"admin\" \/>\n<meta name=\"twitter:card\" content=\"summary_large_image\" \/>\n<meta name=\"twitter:label1\" content=\"Escrito por\" \/>\n\t<meta name=\"twitter:data1\" content=\"admin\" \/>\n\t<meta name=\"twitter:label2\" content=\"Tiempo de lectura\" \/>\n\t<meta name=\"twitter:data2\" content=\"2 minutos\" \/>\n<script type=\"application\/ld+json\" class=\"yoast-schema-graph\">{\"@context\":\"https:\\\/\\\/schema.org\",\"@graph\":[{\"@type\":\"Article\",\"@id\":\"https:\\\/\\\/www.joaquinlois.com\\\/catedral-granada\\\/restauracion-de-los-tablones-acanlados\\\/#article\",\"isPartOf\":{\"@id\":\"https:\\\/\\\/www.joaquinlois.com\\\/catedral-granada\\\/restauracion-de-los-tablones-acanlados\\\/\"},\"author\":{\"name\":\"admin\",\"@id\":\"https:\\\/\\\/www.joaquinlois.com\\\/catedral-granada\\\/#\\\/schema\\\/person\\\/91b02054a0a8f4c46cc3753e6417987a\"},\"headline\":\"Restauraci\u00f3n de los tablones acanlados\",\"datePublished\":\"2023-07-14T10:36:01+00:00\",\"dateModified\":\"2025-01-18T21:06:47+00:00\",\"mainEntityOfPage\":{\"@id\":\"https:\\\/\\\/www.joaquinlois.com\\\/catedral-granada\\\/restauracion-de-los-tablones-acanlados\\\/\"},\"wordCount\":422,\"publisher\":{\"@id\":\"https:\\\/\\\/www.joaquinlois.com\\\/catedral-granada\\\/#organization\"},\"image\":{\"@id\":\"https:\\\/\\\/www.joaquinlois.com\\\/catedral-granada\\\/restauracion-de-los-tablones-acanlados\\\/#primaryimage\"},\"thumbnailUrl\":\"https:\\\/\\\/www.joaquinlois.com\\\/catedral-granada\\\/wp-content\\\/uploads\\\/sites\\\/3\\\/2023\\\/04\\\/DSC06837_1.jpg\",\"inLanguage\":\"es\"},{\"@type\":\"WebPage\",\"@id\":\"https:\\\/\\\/www.joaquinlois.com\\\/catedral-granada\\\/restauracion-de-los-tablones-acanlados\\\/\",\"url\":\"https:\\\/\\\/www.joaquinlois.com\\\/catedral-granada\\\/restauracion-de-los-tablones-acanlados\\\/\",\"name\":\"Restauraci\u00f3n de los tablones acanlados | \u00d3rgano de la ep\u00edstola de la Catedral de Granada\",\"isPartOf\":{\"@id\":\"https:\\\/\\\/www.joaquinlois.com\\\/catedral-granada\\\/#website\"},\"primaryImageOfPage\":{\"@id\":\"https:\\\/\\\/www.joaquinlois.com\\\/catedral-granada\\\/restauracion-de-los-tablones-acanlados\\\/#primaryimage\"},\"image\":{\"@id\":\"https:\\\/\\\/www.joaquinlois.com\\\/catedral-granada\\\/restauracion-de-los-tablones-acanlados\\\/#primaryimage\"},\"thumbnailUrl\":\"https:\\\/\\\/www.joaquinlois.com\\\/catedral-granada\\\/wp-content\\\/uploads\\\/sites\\\/3\\\/2023\\\/04\\\/DSC06837_1.jpg\",\"datePublished\":\"2023-07-14T10:36:01+00:00\",\"dateModified\":\"2025-01-18T21:06:47+00:00\",\"inLanguage\":\"es\",\"potentialAction\":[{\"@type\":\"ReadAction\",\"target\":[\"https:\\\/\\\/www.joaquinlois.com\\\/catedral-granada\\\/restauracion-de-los-tablones-acanlados\\\/\"]}]},{\"@type\":\"ImageObject\",\"inLanguage\":\"es\",\"@id\":\"https:\\\/\\\/www.joaquinlois.com\\\/catedral-granada\\\/restauracion-de-los-tablones-acanlados\\\/#primaryimage\",\"url\":\"https:\\\/\\\/www.joaquinlois.com\\\/catedral-granada\\\/wp-content\\\/uploads\\\/sites\\\/3\\\/2023\\\/04\\\/DSC06837_1.jpg\",\"contentUrl\":\"https:\\\/\\\/www.joaquinlois.com\\\/catedral-granada\\\/wp-content\\\/uploads\\\/sites\\\/3\\\/2023\\\/04\\\/DSC06837_1.jpg\",\"width\":1200,\"height\":1200},{\"@type\":\"WebSite\",\"@id\":\"https:\\\/\\\/www.joaquinlois.com\\\/catedral-granada\\\/#website\",\"url\":\"https:\\\/\\\/www.joaquinlois.com\\\/catedral-granada\\\/\",\"name\":\"\u00d3tgano de la ep\u00edstola de la catedral de Granada\",\"description\":\"Restauraci\u00f3n en curso por el taller de organer\u00eca de Joaqu\u00edn Lois\",\"publisher\":{\"@id\":\"https:\\\/\\\/www.joaquinlois.com\\\/catedral-granada\\\/#organization\"},\"potentialAction\":[{\"@type\":\"SearchAction\",\"target\":{\"@type\":\"EntryPoint\",\"urlTemplate\":\"https:\\\/\\\/www.joaquinlois.com\\\/catedral-granada\\\/?s={search_term_string}\"},\"query-input\":{\"@type\":\"PropertyValueSpecification\",\"valueRequired\":true,\"valueName\":\"search_term_string\"}}],\"inLanguage\":\"es\"},{\"@type\":\"Organization\",\"@id\":\"https:\\\/\\\/www.joaquinlois.com\\\/catedral-granada\\\/#organization\",\"name\":\"Joaqu\u00edn Lois - Organero\",\"url\":\"https:\\\/\\\/www.joaquinlois.com\\\/catedral-granada\\\/\",\"logo\":{\"@type\":\"ImageObject\",\"inLanguage\":\"es\",\"@id\":\"https:\\\/\\\/www.joaquinlois.com\\\/catedral-granada\\\/#\\\/schema\\\/logo\\\/image\\\/\",\"url\":\"https:\\\/\\\/www.joaquinlois.com\\\/catedral-granada\\\/wp-content\\\/uploads\\\/sites\\\/3\\\/2023\\\/01\\\/Joaquin-Lois-Organero.jpg\",\"contentUrl\":\"https:\\\/\\\/www.joaquinlois.com\\\/catedral-granada\\\/wp-content\\\/uploads\\\/sites\\\/3\\\/2023\\\/01\\\/Joaquin-Lois-Organero.jpg\",\"width\":667,\"height\":667,\"caption\":\"Joaqu\u00edn Lois - Organero\"},\"image\":{\"@id\":\"https:\\\/\\\/www.joaquinlois.com\\\/catedral-granada\\\/#\\\/schema\\\/logo\\\/image\\\/\"},\"sameAs\":[\"https:\\\/\\\/www.facebook.com\\\/joaquinlois\"]},{\"@type\":\"Person\",\"@id\":\"https:\\\/\\\/www.joaquinlois.com\\\/catedral-granada\\\/#\\\/schema\\\/person\\\/91b02054a0a8f4c46cc3753e6417987a\",\"name\":\"admin\",\"sameAs\":[\"https:\\\/\\\/www.joaquinlois.com\"],\"url\":\"https:\\\/\\\/www.joaquinlois.com\\\/catedral-granada\\\/author\\\/admin\\\/\"}]}<\/script>\n<!-- \/ Yoast SEO plugin. -->","yoast_head_json":{"title":"Restauraci\u00f3n de los tablones acanlados | \u00d3rgano de la ep\u00edstola de la Catedral de Granada","robots":{"index":"index","follow":"follow","max-snippet":"max-snippet:-1","max-image-preview":"max-image-preview:large","max-video-preview":"max-video-preview:-1"},"canonical":"https:\/\/www.joaquinlois.com\/catedral-granada\/restauracion-de-los-tablones-acanlados\/","og_locale":"es_ES","og_type":"article","og_title":"Restauraci\u00f3n de los tablones acanlados | \u00d3rgano de la ep\u00edstola de la Catedral de Granada","og_description":"El complejo sistema de conducci\u00f3n del viento desde los secretos hasta cada tubo constituye un entramado de cientos de metros de conductos de esta\u00f1o por una parte y de canales grabados en piezas de madera y cerrados con piel. El sistema en el \u00f3rgano de la catedral de Granada se compone, s\u00f3lo en el \u00f3rgano [&hellip;]","og_url":"https:\/\/www.joaquinlois.com\/catedral-granada\/restauracion-de-los-tablones-acanlados\/","og_site_name":"\u00d3rgano de la ep\u00edstola de la Catedral de Granada","article_publisher":"https:\/\/www.facebook.com\/joaquinlois","article_published_time":"2023-07-14T10:36:01+00:00","article_modified_time":"2025-01-18T21:06:47+00:00","og_image":[{"width":1200,"height":1200,"url":"https:\/\/www.joaquinlois.com\/catedral-granada\/wp-content\/uploads\/sites\/3\/2023\/04\/DSC06837_1.jpg","type":"image\/jpeg"}],"author":"admin","twitter_card":"summary_large_image","twitter_misc":{"Escrito por":"admin","Tiempo de lectura":"2 minutos"},"schema":{"@context":"https:\/\/schema.org","@graph":[{"@type":"Article","@id":"https:\/\/www.joaquinlois.com\/catedral-granada\/restauracion-de-los-tablones-acanlados\/#article","isPartOf":{"@id":"https:\/\/www.joaquinlois.com\/catedral-granada\/restauracion-de-los-tablones-acanlados\/"},"author":{"name":"admin","@id":"https:\/\/www.joaquinlois.com\/catedral-granada\/#\/schema\/person\/91b02054a0a8f4c46cc3753e6417987a"},"headline":"Restauraci\u00f3n de los tablones acanlados","datePublished":"2023-07-14T10:36:01+00:00","dateModified":"2025-01-18T21:06:47+00:00","mainEntityOfPage":{"@id":"https:\/\/www.joaquinlois.com\/catedral-granada\/restauracion-de-los-tablones-acanlados\/"},"wordCount":422,"publisher":{"@id":"https:\/\/www.joaquinlois.com\/catedral-granada\/#organization"},"image":{"@id":"https:\/\/www.joaquinlois.com\/catedral-granada\/restauracion-de-los-tablones-acanlados\/#primaryimage"},"thumbnailUrl":"https:\/\/www.joaquinlois.com\/catedral-granada\/wp-content\/uploads\/sites\/3\/2023\/04\/DSC06837_1.jpg","inLanguage":"es"},{"@type":"WebPage","@id":"https:\/\/www.joaquinlois.com\/catedral-granada\/restauracion-de-los-tablones-acanlados\/","url":"https:\/\/www.joaquinlois.com\/catedral-granada\/restauracion-de-los-tablones-acanlados\/","name":"Restauraci\u00f3n de los tablones acanlados | \u00d3rgano de la ep\u00edstola de la Catedral de Granada","isPartOf":{"@id":"https:\/\/www.joaquinlois.com\/catedral-granada\/#website"},"primaryImageOfPage":{"@id":"https:\/\/www.joaquinlois.com\/catedral-granada\/restauracion-de-los-tablones-acanlados\/#primaryimage"},"image":{"@id":"https:\/\/www.joaquinlois.com\/catedral-granada\/restauracion-de-los-tablones-acanlados\/#primaryimage"},"thumbnailUrl":"https:\/\/www.joaquinlois.com\/catedral-granada\/wp-content\/uploads\/sites\/3\/2023\/04\/DSC06837_1.jpg","datePublished":"2023-07-14T10:36:01+00:00","dateModified":"2025-01-18T21:06:47+00:00","inLanguage":"es","potentialAction":[{"@type":"ReadAction","target":["https:\/\/www.joaquinlois.com\/catedral-granada\/restauracion-de-los-tablones-acanlados\/"]}]},{"@type":"ImageObject","inLanguage":"es","@id":"https:\/\/www.joaquinlois.com\/catedral-granada\/restauracion-de-los-tablones-acanlados\/#primaryimage","url":"https:\/\/www.joaquinlois.com\/catedral-granada\/wp-content\/uploads\/sites\/3\/2023\/04\/DSC06837_1.jpg","contentUrl":"https:\/\/www.joaquinlois.com\/catedral-granada\/wp-content\/uploads\/sites\/3\/2023\/04\/DSC06837_1.jpg","width":1200,"height":1200},{"@type":"WebSite","@id":"https:\/\/www.joaquinlois.com\/catedral-granada\/#website","url":"https:\/\/www.joaquinlois.com\/catedral-granada\/","name":"\u00d3tgano de la ep\u00edstola de la catedral de Granada","description":"Restauraci\u00f3n en curso por el taller de organer\u00eca de Joaqu\u00edn Lois","publisher":{"@id":"https:\/\/www.joaquinlois.com\/catedral-granada\/#organization"},"potentialAction":[{"@type":"SearchAction","target":{"@type":"EntryPoint","urlTemplate":"https:\/\/www.joaquinlois.com\/catedral-granada\/?s={search_term_string}"},"query-input":{"@type":"PropertyValueSpecification","valueRequired":true,"valueName":"search_term_string"}}],"inLanguage":"es"},{"@type":"Organization","@id":"https:\/\/www.joaquinlois.com\/catedral-granada\/#organization","name":"Joaqu\u00edn Lois - Organero","url":"https:\/\/www.joaquinlois.com\/catedral-granada\/","logo":{"@type":"ImageObject","inLanguage":"es","@id":"https:\/\/www.joaquinlois.com\/catedral-granada\/#\/schema\/logo\/image\/","url":"https:\/\/www.joaquinlois.com\/catedral-granada\/wp-content\/uploads\/sites\/3\/2023\/01\/Joaquin-Lois-Organero.jpg","contentUrl":"https:\/\/www.joaquinlois.com\/catedral-granada\/wp-content\/uploads\/sites\/3\/2023\/01\/Joaquin-Lois-Organero.jpg","width":667,"height":667,"caption":"Joaqu\u00edn Lois - Organero"},"image":{"@id":"https:\/\/www.joaquinlois.com\/catedral-granada\/#\/schema\/logo\/image\/"},"sameAs":["https:\/\/www.facebook.com\/joaquinlois"]},{"@type":"Person","@id":"https:\/\/www.joaquinlois.com\/catedral-granada\/#\/schema\/person\/91b02054a0a8f4c46cc3753e6417987a","name":"admin","sameAs":["https:\/\/www.joaquinlois.com"],"url":"https:\/\/www.joaquinlois.com\/catedral-granada\/author\/admin\/"}]}},"jetpack_featured_media_url":"https:\/\/www.joaquinlois.com\/catedral-granada\/wp-content\/uploads\/sites\/3\/2023\/04\/DSC06837_1.jpg","jetpack_sharing_enabled":true,"_links":{"self":[{"href":"https:\/\/www.joaquinlois.com\/catedral-granada\/wp-json\/wp\/v2\/posts\/3367","targetHints":{"allow":["GET"]}}],"collection":[{"href":"https:\/\/www.joaquinlois.com\/catedral-granada\/wp-json\/wp\/v2\/posts"}],"about":[{"href":"https:\/\/www.joaquinlois.com\/catedral-granada\/wp-json\/wp\/v2\/types\/post"}],"author":[{"embeddable":true,"href":"https:\/\/www.joaquinlois.com\/catedral-granada\/wp-json\/wp\/v2\/users\/1"}],"replies":[{"embeddable":true,"href":"https:\/\/www.joaquinlois.com\/catedral-granada\/wp-json\/wp\/v2\/comments?post=3367"}],"version-history":[{"count":29,"href":"https:\/\/www.joaquinlois.com\/catedral-granada\/wp-json\/wp\/v2\/posts\/3367\/revisions"}],"predecessor-version":[{"id":4750,"href":"https:\/\/www.joaquinlois.com\/catedral-granada\/wp-json\/wp\/v2\/posts\/3367\/revisions\/4750"}],"wp:featuredmedia":[{"embeddable":true,"href":"https:\/\/www.joaquinlois.com\/catedral-granada\/wp-json\/wp\/v2\/media\/3610"}],"wp:attachment":[{"href":"https:\/\/www.joaquinlois.com\/catedral-granada\/wp-json\/wp\/v2\/media?parent=3367"}],"wp:term":[{"taxonomy":"category","embeddable":true,"href":"https:\/\/www.joaquinlois.com\/catedral-granada\/wp-json\/wp\/v2\/categories?post=3367"},{"taxonomy":"post_tag","embeddable":true,"href":"https:\/\/www.joaquinlois.com\/catedral-granada\/wp-json\/wp\/v2\/tags?post=3367"},{"taxonomy":"elemento","embeddable":true,"href":"https:\/\/www.joaquinlois.com\/catedral-granada\/wp-json\/wp\/v2\/elemento?post=3367"},{"taxonomy":"lt","embeddable":true,"href":"https:\/\/www.joaquinlois.com\/catedral-granada\/wp-json\/wp\/v2\/lt?post=3367"},{"taxonomy":"teclados","embeddable":true,"href":"https:\/\/www.joaquinlois.com\/catedral-granada\/wp-json\/wp\/v2\/teclados?post=3367"}],"curies":[{"name":"wp","href":"https:\/\/api.w.org\/{rel}","templated":true}]}}